{"id":2998,"date":"2024-06-04T19:06:40","date_gmt":"2024-06-04T22:06:40","guid":{"rendered":"https:\/\/dayseamarilio.com.br\/?p=2998"},"modified":"2024-06-20T19:11:22","modified_gmt":"2024-06-20T22:11:22","slug":"cras-do-guara-totalmente-revitalizado","status":"publish","type":"post","link":"https:\/\/dayseamarilio.com.br\/index.php\/2024\/06\/04\/cras-do-guara-totalmente-revitalizado\/","title":{"rendered":"CRAS do Guar\u00e1 totalmente revitalizado"},"content":{"rendered":"\n<figure class=\"wp-block-image size-large\"><img loading=\"lazy\" decoding=\"async\" width=\"1024\" height=\"683\" src=\"https:\/\/dayseamarilio.com.br\/wp-content\/uploads\/2024\/06\/WhatsApp-Image-2024-06-04-at-14.47.37-1024x683.jpeg\" alt=\"\" class=\"wp-image-2999\" srcset=\"https:\/\/dayseamarilio.com.br\/wp-content\/uploads\/2024\/06\/WhatsApp-Image-2024-06-04-at-14.47.37-1024x683.jpeg 1024w, https:\/\/dayseamarilio.com.br\/wp-content\/uploads\/2024\/06\/WhatsApp-Image-2024-06-04-at-14.47.37-300x200.jpeg 300w, https:\/\/dayseamarilio.com.br\/wp-content\/uploads\/2024\/06\/WhatsApp-Image-2024-06-04-at-14.47.37-768x512.jpeg 768w, https:\/\/dayseamarilio.com.br\/wp-content\/uploads\/2024\/06\/WhatsApp-Image-2024-06-04-at-14.47.37.jpeg 1280w\" sizes=\"auto, (max-width: 1024px) 100vw, 1024px\" \/><\/figure>\n\n\n\n<p>Na manh\u00e3 desta ter\u00e7a-feira (4), a presidente da Comiss\u00e3o de Assuntos Sociais (CAS), deputada Dayse Amarilio (PSB), prestigiou a reinaugura\u00e7\u00e3o da unidade do CRAS do Guar\u00e1.<\/p>\n\n\n\n<p>A parlamentar, que \u00e9 moradora da cidade, destinou mais de R$ 1 milh\u00e3o para a revitaliza\u00e7\u00e3o da unidade. Uma demanda antiga de usu\u00e1rios e servidores do equipamento p\u00fablico. As obras tiveram in\u00edcio em agosto de 2023 e foram finalizadas no ultimo m\u00eas de maio.<\/p>\n\n\n\n<p>&#8220;Fico muito feliz em poder ajudar a transformar a realidade da popula\u00e7\u00e3o do Guar\u00e1. A entrega da unidade do CRAS da cidade totalmente revitalizada \u00e9 um sonho que virou realidade. A pol\u00edtica \u00e9 isso, ouvir e trabalhar para atender as demandas da comunidade&#8221; , diz Dayse. &#8220;Como guaraense, fico agradecida em poder devolver para a cidade tudo que ela me proporcionou ao longo de quatro d\u00e9cadas. Contem com nosso compromisso com o Guar\u00e1, sempre&#8221;, completa a distrital.<\/p>\n\n\n\n<p><strong>Obra aguardada &#8211;<\/strong> A reforma da unidade do CRAS do Guar\u00e1 \u00e9 uma demanda antiga da comunidade e dos servidores.<\/p>\n\n\n\n<p>Desde sua inaugura\u00e7\u00e3o a unidade nunca havia recebido qualquer tipo de manuten\u00e7\u00e3o. Agora, gra\u00e7as ao empenho da deputada Dayse Amarilio, as instala\u00e7\u00f5es est\u00e3o novinhas em folha e prontas para a oferta de atendimentos de assist\u00eancia social de forma digna para toda a comunidade.<\/p>\n\n\n\n<p><strong>Compromisso com a Assist\u00eancia Social- <\/strong>No inicio de seu mandato, junto com a CAS, Dayse Amarilio realizou visita\u00e7\u00f5es de fiscaliza\u00e7\u00f5es nas unidades p\u00fablicas de Assist\u00eancia Social do DF. Seu objetivo \u00e9 aproximar a Comiss\u00e3o dos anseios dos servidores, dos usu\u00e1rios dos equipamentos p\u00fablicos dedicados \u00e0 assist\u00eancia social da popula\u00e7\u00e3o do DF.<\/p>\n\n\n\n<figure class=\"wp-block-gallery has-nested-images columns-default is-cropped wp-block-gallery-1 is-layout-flex wp-block-gallery-is-layout-flex\">\n<figure class=\"wp-block-image size-large\"><img loading=\"lazy\" decoding=\"async\" width=\"1024\" height=\"683\" data-id=\"3000\" src=\"https:\/\/dayseamarilio.com.br\/wp-content\/uploads\/2024\/06\/WhatsApp-Image-2024-06-04-at-14.47.37-5-1024x683.jpeg\" alt=\"\" class=\"wp-image-3000\" srcset=\"https:\/\/dayseamarilio.com.br\/wp-content\/uploads\/2024\/06\/WhatsApp-Image-2024-06-04-at-14.47.37-5-1024x683.jpeg 1024w, https:\/\/dayseamarilio.com.br\/wp-content\/uploads\/2024\/06\/WhatsApp-Image-2024-06-04-at-14.47.37-5-300x200.jpeg 300w, https:\/\/dayseamarilio.com.br\/wp-content\/uploads\/2024\/06\/WhatsApp-Image-2024-06-04-at-14.47.37-5-768x512.jpeg 768w, https:\/\/dayseamarilio.com.br\/wp-content\/uploads\/2024\/06\/WhatsApp-Image-2024-06-04-at-14.47.37-5.jpeg 1280w\" sizes=\"auto, (max-width: 1024px) 100vw, 1024px\" \/><figcaption class=\"wp-element-caption\">Foto: Arthur P\u00f3voa<\/figcaption><\/figure>\n\n\n\n<figure class=\"wp-block-image size-large\"><img loading=\"lazy\" decoding=\"async\" width=\"1024\" height=\"683\" data-id=\"3001\" src=\"https:\/\/dayseamarilio.com.br\/wp-content\/uploads\/2024\/06\/WhatsApp-Image-2024-06-04-at-14.47.37-4-1024x683.jpeg\" alt=\"\" class=\"wp-image-3001\" srcset=\"https:\/\/dayseamarilio.com.br\/wp-content\/uploads\/2024\/06\/WhatsApp-Image-2024-06-04-at-14.47.37-4-1024x683.jpeg 1024w, https:\/\/dayseamarilio.com.br\/wp-content\/uploads\/2024\/06\/WhatsApp-Image-2024-06-04-at-14.47.37-4-300x200.jpeg 300w, https:\/\/dayseamarilio.com.br\/wp-content\/uploads\/2024\/06\/WhatsApp-Image-2024-06-04-at-14.47.37-4-768x512.jpeg 768w, https:\/\/dayseamarilio.com.br\/wp-content\/uploads\/2024\/06\/WhatsApp-Image-2024-06-04-at-14.47.37-4.jpeg 1280w\" sizes=\"auto, (max-width: 1024px) 100vw, 1024px\" \/><\/figure>\n\n\n\n<figure class=\"wp-block-image size-large\"><img loading=\"lazy\" decoding=\"async\" width=\"1024\" height=\"683\" data-id=\"3002\" src=\"https:\/\/dayseamarilio.com.br\/wp-content\/uploads\/2024\/06\/WhatsApp-Image-2024-06-04-at-14.47.37-3-1024x683.jpeg\" alt=\"\" class=\"wp-image-3002\" srcset=\"https:\/\/dayseamarilio.com.br\/wp-content\/uploads\/2024\/06\/WhatsApp-Image-2024-06-04-at-14.47.37-3-1024x683.jpeg 1024w, https:\/\/dayseamarilio.com.br\/wp-content\/uploads\/2024\/06\/WhatsApp-Image-2024-06-04-at-14.47.37-3-300x200.jpeg 300w, https:\/\/dayseamarilio.com.br\/wp-content\/uploads\/2024\/06\/WhatsApp-Image-2024-06-04-at-14.47.37-3-768x512.jpeg 768w, https:\/\/dayseamarilio.com.br\/wp-content\/uploads\/2024\/06\/WhatsApp-Image-2024-06-04-at-14.47.37-3.jpeg 1280w\" sizes=\"auto, (max-width: 1024px) 100vw, 1024px\" \/><\/figure>\n\n\n\n<figure class=\"wp-block-image size-large\"><img loading=\"lazy\" decoding=\"async\" width=\"1024\" height=\"683\" data-id=\"3003\" src=\"https:\/\/dayseamarilio.com.br\/wp-content\/uploads\/2024\/06\/WhatsApp-Image-2024-06-04-at-14.47.37-2-1024x683.jpeg\" alt=\"\" class=\"wp-image-3003\" srcset=\"https:\/\/dayseamarilio.com.br\/wp-content\/uploads\/2024\/06\/WhatsApp-Image-2024-06-04-at-14.47.37-2-1024x683.jpeg 1024w, https:\/\/dayseamarilio.com.br\/wp-content\/uploads\/2024\/06\/WhatsApp-Image-2024-06-04-at-14.47.37-2-300x200.jpeg 300w, https:\/\/dayseamarilio.com.br\/wp-content\/uploads\/2024\/06\/WhatsApp-Image-2024-06-04-at-14.47.37-2-768x512.jpeg 768w, https:\/\/dayseamarilio.com.br\/wp-content\/uploads\/2024\/06\/WhatsApp-Image-2024-06-04-at-14.47.37-2.jpeg 1280w\" sizes=\"auto, (max-width: 1024px) 100vw, 1024px\" \/><\/figure>\n\n\n\n<figure class=\"wp-block-image size-large\"><img loading=\"lazy\" decoding=\"async\" width=\"1024\" height=\"683\" data-id=\"3004\" src=\"https:\/\/dayseamarilio.com.br\/wp-content\/uploads\/2024\/06\/WhatsApp-Image-2024-06-04-at-14.47.37-1-1024x683.jpeg\" alt=\"\" class=\"wp-image-3004\" srcset=\"https:\/\/dayseamarilio.com.br\/wp-content\/uploads\/2024\/06\/WhatsApp-Image-2024-06-04-at-14.47.37-1-1024x683.jpeg 1024w, https:\/\/dayseamarilio.com.br\/wp-content\/uploads\/2024\/06\/WhatsApp-Image-2024-06-04-at-14.47.37-1-300x200.jpeg 300w, https:\/\/dayseamarilio.com.br\/wp-content\/uploads\/2024\/06\/WhatsApp-Image-2024-06-04-at-14.47.37-1-768x512.jpeg 768w, https:\/\/dayseamarilio.com.br\/wp-content\/uploads\/2024\/06\/WhatsApp-Image-2024-06-04-at-14.47.37-1.jpeg 1280w\" sizes=\"auto, (max-width: 1024px) 100vw, 1024px\" \/><\/figure>\n<\/figure>\n","protected":false},"excerpt":{"rendered":"<p>Na manh\u00e3 desta ter\u00e7a-feira (4), a presidente da Comiss\u00e3o de Assuntos Sociais (CAS), deputada Dayse Amarilio (PSB), prestigiou a reinaugura\u00e7\u00e3o da unidade do CRAS do Guar\u00e1. A parlamentar, que \u00e9 moradora da cidade, destinou mais de R$ 1 milh\u00e3o para a revitaliza\u00e7\u00e3o da unidade. Uma demanda antiga de usu\u00e1rios e servidores do equipamento p\u00fablico. As [&hellip;]<\/p>\n","protected":false},"author":1,"featured_media":2999,"comment_status":"closed","ping_status":"open","sticky":false,"template":"","format":"standard","meta":{"_monsterinsights_skip_tracking":false,"_monsterinsights_sitenote_active":false,"_monsterinsights_sitenote_note":"","_monsterinsights_sitenote_category":0,"footnotes":""},"categories":[60,1,6],"tags":[64,61,25],"class_list":["post-2998","post","type-post","status-publish","format-standard","has-post-thumbnail","hentry","category-assistencia-social","category-blog","category-guara","tag-assistencia-social","tag-cras","tag-guara"],"acf":[],"_links":{"self":[{"href":"https:\/\/dayseamarilio.com.br\/index.php\/wp-json\/wp\/v2\/posts\/2998","targetHints":{"allow":["GET"]}}],"collection":[{"href":"https:\/\/dayseamarilio.com.br\/index.php\/wp-json\/wp\/v2\/posts"}],"about":[{"href":"https:\/\/dayseamarilio.com.br\/index.php\/wp-json\/wp\/v2\/types\/post"}],"author":[{"embeddable":true,"href":"https:\/\/dayseamarilio.com.br\/index.php\/wp-json\/wp\/v2\/users\/1"}],"replies":[{"embeddable":true,"href":"https:\/\/dayseamarilio.com.br\/index.php\/wp-json\/wp\/v2\/comments?post=2998"}],"version-history":[{"count":1,"href":"https:\/\/dayseamarilio.com.br\/index.php\/wp-json\/wp\/v2\/posts\/2998\/revisions"}],"predecessor-version":[{"id":3005,"href":"https:\/\/dayseamarilio.com.br\/index.php\/wp-json\/wp\/v2\/posts\/2998\/revisions\/3005"}],"wp:featuredmedia":[{"embeddable":true,"href":"https:\/\/dayseamarilio.com.br\/index.php\/wp-json\/wp\/v2\/media\/2999"}],"wp:attachment":[{"href":"https:\/\/dayseamarilio.com.br\/index.php\/wp-json\/wp\/v2\/media?parent=2998"}],"wp:term":[{"taxonomy":"category","embeddable":true,"href":"https:\/\/dayseamarilio.com.br\/index.php\/wp-json\/wp\/v2\/categories?post=2998"},{"taxonomy":"post_tag","embeddable":true,"href":"https:\/\/dayseamarilio.com.br\/index.php\/wp-json\/wp\/v2\/tags?post=2998"}],"curies":[{"name":"wp","href":"https:\/\/api.w.org\/{rel}","templated":true}]}}