{"id":2826,"date":"2024-02-28T18:28:27","date_gmt":"2024-02-28T21:28:27","guid":{"rendered":"https:\/\/dayseamarilio.com.br\/?p=2826"},"modified":"2024-02-29T18:33:18","modified_gmt":"2024-02-29T21:33:18","slug":"combate-a-dengue-dayse-amarilio-psb-lanca-edital-do-projeto10-minutos-para-salvar-uma-vida","status":"publish","type":"post","link":"https:\/\/dayseamarilio.com.br\/index.php\/2024\/02\/28\/combate-a-dengue-dayse-amarilio-psb-lanca-edital-do-projeto10-minutos-para-salvar-uma-vida\/","title":{"rendered":"COMBATE \u00c0 DENGUE: Dayse Amarilio (PSB) lan\u00e7a\u00a0 edital do projeto\u201c10 minutos para salvar uma vida! \u201d"},"content":{"rendered":"\n<figure class=\"wp-block-image size-large\"><img loading=\"lazy\" decoding=\"async\" width=\"1024\" height=\"683\" src=\"https:\/\/dayseamarilio.com.br\/wp-content\/uploads\/2023\/10\/20230801183427_IMG_7140-1024x683.jpg\" alt=\"\" class=\"wp-image-1979\" srcset=\"https:\/\/dayseamarilio.com.br\/wp-content\/uploads\/2023\/10\/20230801183427_IMG_7140-1024x683.jpg 1024w, https:\/\/dayseamarilio.com.br\/wp-content\/uploads\/2023\/10\/20230801183427_IMG_7140-300x200.jpg 300w, https:\/\/dayseamarilio.com.br\/wp-content\/uploads\/2023\/10\/20230801183427_IMG_7140-768x512.jpg 768w, https:\/\/dayseamarilio.com.br\/wp-content\/uploads\/2023\/10\/20230801183427_IMG_7140-1536x1024.jpg 1536w, https:\/\/dayseamarilio.com.br\/wp-content\/uploads\/2023\/10\/20230801183427_IMG_7140-2048x1365.jpg 2048w\" sizes=\"auto, (max-width: 1024px) 100vw, 1024px\" \/><figcaption class=\"wp-element-caption\">Foto: \u00cdsis Dantas<\/figcaption><\/figure>\n\n\n\n<p><\/p>\n\n\n\n<p><em>&nbsp;&nbsp;A inten\u00e7\u00e3o da parlamentar \u00e9 formar agentes multiplicadores e um grupo de EMBAIXADORES que ser\u00e3o respons\u00e1veis por coordenar as atividades de multiplica\u00e7\u00e3o das informa\u00e7\u00f5es de combate \u00e0 dengue na rede p\u00fablica de ensino do DF.<\/em><\/p>\n\n\n\n<p>&nbsp;Desde o ano passado, a deputada Dayse Amarilio (PSB), que \u00e9 enfermeira especialista em Sa\u00fade da Fam\u00edlia e professora na \u00e1rea de sa\u00fade, vem alertando sobre a necessidade de preven\u00e7\u00e3o para os casos de dengue no Distrito Federal. Al\u00e9m de cobrar a nomea\u00e7\u00e3o de Agentes de Vigil\u00e2ncia Ambiental em Sa\u00fade (AVAS) e de Agentes Comunit\u00e1rios de Sa\u00fade (ACSs), em raz\u00e3o do d\u00e9ficit de servidores dessas carreiras na administra\u00e7\u00e3o p\u00fablica do DF, a distrital alertou para a necessidade de campanhas educativas antes do in\u00edcio das chuvas.<\/p>\n\n\n\n<p>&nbsp;Apesar de todos os esfor\u00e7os da deputada, o pior aconteceu: o Distrito Federal enfrenta uma epidemia de Dengue. Os dados s\u00e3o assustadores. Segundo o boletim divulgado pela Secretaria de Sa\u00fade do DF (SES-DF) nesta segunda-feira (26\/2), a capital j\u00e1 registrou mais de 100 mil casos da doen\u00e7a e at\u00e9 agora j\u00e1 tem 55 mortes confirmadas.<\/p>\n\n\n\n<p>&nbsp;Al\u00e9m de ir para linha de frente e realizar atendimentos a pacientes com a suspeita da doen\u00e7a, Dayse Amarilio quis fazer mais e prop\u00f4s a cria\u00e7\u00e3o de mais uma frente de a\u00e7\u00e3o para ajudar a combater a epidemia que assola o DF.&nbsp; A distrital lan\u00e7ou o edital divulgando o <strong>projeto \u201c10 minutos para salvar uma vida! \u201d<\/strong>. A inten\u00e7\u00e3o da deputada e de sua equipe \u00e9 incentivar e apoiar, no \u00e2mbito da Rede P\u00fablica de Ensino do Distrito Federal, projetos relacionados \u00e0 preven\u00e7\u00e3o e promo\u00e7\u00e3o da sa\u00fade, com \u00eanfase no combate \u00e0 dengue na comunidade escolar e local.<\/p>\n\n\n\n<p>&nbsp;De acordo com o texto, os projetos dever\u00e3o ser desenvolvidos pelas unidades escolares que ofertam educa\u00e7\u00e3o profissional na \u00e1rea da sa\u00fade da Rede P\u00fablica de Ensino do Distrito Federal. O objetivo \u00e9 formar agentes multiplicadores e um grupo de EMBAIXADORES que ser\u00e3o respons\u00e1veis por coordenar as atividades de multiplica\u00e7\u00e3o das informa\u00e7\u00f5es.<\/p>\n\n\n\n<p>O per\u00edodo de envio dos projetos ser\u00e1 de 28 de fevereiro a 08 de mar\u00e7o de 2024, atrav\u00e9s do link:<a href=\"https:\/\/l1nq.com\/sMpoV\"> https:\/\/l1nq.com\/sMpoV<\/a> . Os projetos selecionados receber\u00e3o Mo\u00e7\u00e3o de Louvor ao Projeto\/Escola\/Embaixadores a ser entregue na C\u00e2mara Legislativa do Distrito Federal (CLDF) e indica\u00e7\u00e3o de emenda parlamentar, de at\u00e9 10 mil reais, no ato da sele\u00e7\u00e3o do projeto, cuja execu\u00e7\u00e3o dever\u00e1 atender \u00e0s regras legais e normativas aplic\u00e1veis ao caso, e que ser\u00e1 destinada \u00e0 escola em que o projeto est\u00e1 sediado.<\/p>\n\n\n\n<p>Al\u00e9m disso, tamb\u00e9m haver\u00e1 a divulga\u00e7\u00e3o da pr\u00e1tica\/projeto em ambiente virtual e sua apresenta\u00e7\u00e3o na CLDF, constando a descri\u00e7\u00e3o do projeto, os objetivos, a execu\u00e7\u00e3o, avalia\u00e7\u00e3o e fotos de sua realiza\u00e7\u00e3o, o que deve acontecer no pr\u00f3ximo m\u00eas de abril, ap\u00f3s a execu\u00e7\u00e3o do projeto.<\/p>\n\n\n\n<p>\u201cJunto com os multiplicadores, os estudantes das escolas t\u00e9cnicas&nbsp; da \u00e1rea da sa\u00fade far\u00e3o pequenos agentes de combate \u00e0 dengue. Nossa proposta \u00e9, com a expertise desses alunos, levar conhecimento tanto a comunidade escolar, como a comunidade local, e assim ensinar, multiplicar os ensinamentos e vencer a batalha contra a dengue\u201d, diz Dayse Amarilio.<\/p>\n\n\n\n<p><strong>&nbsp;\u201c10 minutos para salvar uma vida! \u201d &#8211;&nbsp; <\/strong>O projeto \u201c<strong>10 minutos para salvar uma vida!\u201d<\/strong> busca incentivar a\u00e7\u00f5es de preven\u00e7\u00e3o e promo\u00e7\u00e3o da sa\u00fade, com \u00eanfase no combate \u00e0 dengue, na unidade escolar e na regi\u00e3o circunvizinha, de modo a minimizar a prolifera\u00e7\u00e3o do mosquito Aedes aegypti e a evitar o agravamento da epidemia atual que acomete o Distrito Federal.<\/p>\n\n\n\n<p>Al\u00e9m disso, a inten\u00e7\u00e3o da proposta \u00e9 mobilizar e conscientizar a comunidade escolar sobre a import\u00e2ncia do combate aos focos de dengue; formar multiplicadores nas escolas participantes, os quais possam levar as orienta\u00e7\u00f5es em sa\u00fade para o combate e a preven\u00e7\u00e3o \u00e0 dissemina\u00e7\u00e3o da dengue, em at\u00e9 10 minutos, as outras turmas da unidade escolar participante, a outras escolas e comunidades escolares e locais com o objetivo de salvar vidas e <strong>f<\/strong>omentar a utiliza\u00e7\u00e3o e o desenvolvimento de tecnologias e ferramentas que facilitem as a\u00e7\u00f5es nos eixos de comunica\u00e7\u00e3o e mobiliza\u00e7\u00e3o social junto \u00e0 comunidade local e sejam efetivos no cuidado a \u00e1reas vulner\u00e1veis \u00e0 prolifera\u00e7\u00e3o do mosquito.<\/p>\n\n\n\n<p><strong>&nbsp;&nbsp;<\/strong><strong>Se ligue nas datas do nosso edital!!!!<\/strong><\/p>\n\n\n\n<figure class=\"wp-block-table\"><table><tbody><tr><td><strong>Fases<\/strong><\/td><td><strong>Datas<\/strong><\/td><\/tr><tr><td><strong>Envio dos projetos<\/strong><strong>link:<\/strong> <a href=\"https:\/\/l1nq.com\/sMpoV\">https:\/\/l1nq.com\/sMpoV<\/a><\/td><td>28 de fevereiro a 08 de mar\u00e7o<\/td><\/tr><tr><td><strong>Divulga\u00e7\u00e3o dos projetos selecionados<\/strong><\/td><td>A partir de 11 de mar\u00e7o<\/td><\/tr><tr><td><strong>Indica\u00e7\u00e3o de emenda parlamentar<\/strong><\/td><td>At\u00e9 15 de mar\u00e7o<\/td><\/tr><tr><td><strong>Execu\u00e7\u00e3o do projeto<\/strong><\/td><td>01 de mar\u00e7o a 30 de abril<\/td><\/tr><tr><td><strong>Apresenta\u00e7\u00e3o dos projetos na CLDF<\/strong><\/td><td>Abril<\/td><\/tr><\/tbody><\/table><\/figure>\n\n\n\n<figure class=\"wp-block-image size-large\"><img loading=\"lazy\" decoding=\"async\" width=\"723\" height=\"1024\" src=\"https:\/\/dayseamarilio.com.br\/wp-content\/uploads\/2024\/02\/WhatsApp-Image-2024-02-29-at-16.18.48-723x1024.jpeg\" alt=\"\" class=\"wp-image-2827\" srcset=\"https:\/\/dayseamarilio.com.br\/wp-content\/uploads\/2024\/02\/WhatsApp-Image-2024-02-29-at-16.18.48-723x1024.jpeg 723w, https:\/\/dayseamarilio.com.br\/wp-content\/uploads\/2024\/02\/WhatsApp-Image-2024-02-29-at-16.18.48-212x300.jpeg 212w, https:\/\/dayseamarilio.com.br\/wp-content\/uploads\/2024\/02\/WhatsApp-Image-2024-02-29-at-16.18.48-768x1087.jpeg 768w, https:\/\/dayseamarilio.com.br\/wp-content\/uploads\/2024\/02\/WhatsApp-Image-2024-02-29-at-16.18.48-1085x1536.jpeg 1085w, https:\/\/dayseamarilio.com.br\/wp-content\/uploads\/2024\/02\/WhatsApp-Image-2024-02-29-at-16.18.48.jpeg 1130w\" sizes=\"auto, (max-width: 723px) 100vw, 723px\" \/><\/figure>\n","protected":false},"excerpt":{"rendered":"<p>&nbsp;&nbsp;A inten\u00e7\u00e3o da parlamentar \u00e9 formar agentes multiplicadores e um grupo de EMBAIXADORES que ser\u00e3o respons\u00e1veis por coordenar as atividades de multiplica\u00e7\u00e3o das informa\u00e7\u00f5es de combate \u00e0 dengue na rede p\u00fablica de ensino do DF. &nbsp;Desde o ano passado, a deputada Dayse Amarilio (PSB), que \u00e9 enfermeira especialista em Sa\u00fade da Fam\u00edlia e professora na [&hellip;]<\/p>\n","protected":false},"author":1,"featured_media":1979,"comment_status":"closed","ping_status":"open","sticky":false,"template":"","format":"standard","meta":{"_monsterinsights_skip_tracking":false,"_monsterinsights_sitenote_active":false,"_monsterinsights_sitenote_note":"","_monsterinsights_sitenote_category":0,"footnotes":""},"categories":[1,4,42],"tags":[146,145,22,147],"class_list":["post-2826","post","type-post","status-publish","format-standard","has-post-thumbnail","hentry","category-blog","category-educacao","category-saude","tag-10-minutos-para-salvar-uma-vida","tag-combate-a-dengue","tag-edital","tag-saude-nas-escolas"],"acf":[],"_links":{"self":[{"href":"https:\/\/dayseamarilio.com.br\/index.php\/wp-json\/wp\/v2\/posts\/2826","targetHints":{"allow":["GET"]}}],"collection":[{"href":"https:\/\/dayseamarilio.com.br\/index.php\/wp-json\/wp\/v2\/posts"}],"about":[{"href":"https:\/\/dayseamarilio.com.br\/index.php\/wp-json\/wp\/v2\/types\/post"}],"author":[{"embeddable":true,"href":"https:\/\/dayseamarilio.com.br\/index.php\/wp-json\/wp\/v2\/users\/1"}],"replies":[{"embeddable":true,"href":"https:\/\/dayseamarilio.com.br\/index.php\/wp-json\/wp\/v2\/comments?post=2826"}],"version-history":[{"count":1,"href":"https:\/\/dayseamarilio.com.br\/index.php\/wp-json\/wp\/v2\/posts\/2826\/revisions"}],"predecessor-version":[{"id":2828,"href":"https:\/\/dayseamarilio.com.br\/index.php\/wp-json\/wp\/v2\/posts\/2826\/revisions\/2828"}],"wp:featuredmedia":[{"embeddable":true,"href":"https:\/\/dayseamarilio.com.br\/index.php\/wp-json\/wp\/v2\/media\/1979"}],"wp:attachment":[{"href":"https:\/\/dayseamarilio.com.br\/index.php\/wp-json\/wp\/v2\/media?parent=2826"}],"wp:term":[{"taxonomy":"category","embeddable":true,"href":"https:\/\/dayseamarilio.com.br\/index.php\/wp-json\/wp\/v2\/categories?post=2826"},{"taxonomy":"post_tag","embeddable":true,"href":"https:\/\/dayseamarilio.com.br\/index.php\/wp-json\/wp\/v2\/tags?post=2826"}],"curies":[{"name":"wp","href":"https:\/\/api.w.org\/{rel}","templated":true}]}}