{"id":2796,"date":"2024-01-26T14:58:34","date_gmt":"2024-01-26T17:58:34","guid":{"rendered":"https:\/\/dayseamarilio.com.br\/?p=2796"},"modified":"2024-02-28T15:01:02","modified_gmt":"2024-02-28T18:01:02","slug":"primeira-edicao-do-festival-do-guara-divulga-atracoes-selecionadas-para-os-encontros-nas-pracas-da-cidade","status":"publish","type":"post","link":"https:\/\/dayseamarilio.com.br\/index.php\/2024\/01\/26\/primeira-edicao-do-festival-do-guara-divulga-atracoes-selecionadas-para-os-encontros-nas-pracas-da-cidade\/","title":{"rendered":"Primeira Edi\u00e7\u00e3o do Festival do Guar\u00e1 divulga atra\u00e7\u00f5es selecionadas para os encontros nas pra\u00e7as da cidade"},"content":{"rendered":"<div class=\"wp-block-image\">\n<figure class=\"alignleft size-full is-resized\"><img loading=\"lazy\" decoding=\"async\" width=\"600\" height=\"450\" src=\"https:\/\/dayseamarilio.com.br\/wp-content\/uploads\/2024\/02\/WhatsApp-Image-2024-01-26-at-14.43.25.jpeg\" alt=\"\" class=\"wp-image-2797\" style=\"aspect-ratio:1.3333333333333333;width:505px;height:auto\" srcset=\"https:\/\/dayseamarilio.com.br\/wp-content\/uploads\/2024\/02\/WhatsApp-Image-2024-01-26-at-14.43.25.jpeg 600w, https:\/\/dayseamarilio.com.br\/wp-content\/uploads\/2024\/02\/WhatsApp-Image-2024-01-26-at-14.43.25-300x225.jpeg 300w\" sizes=\"auto, (max-width: 600px) 100vw, 600px\" \/><\/figure>\n<\/div>\n\n\n<p>No pr\u00f3ximo s\u00e1bado (27), ser\u00e1 publicado no site oficial do festival (www.doguara.com.br) o resultado com as 28 atra\u00e7\u00f5es escolhidas para realizarem as apresenta\u00e7\u00f5es que acontecer\u00e3o nas pra\u00e7as do Guar\u00e1 a partir de 10 de fevereiro<\/p>\n\n\n\n<p>Mais de 270 artistas se inscreveram para participar da primeira edi\u00e7\u00e3o do Festival do Guar\u00e1. O projeto \u00e9 uma experi\u00eancia que busca uma forma de valorizar os artistas locais, difundir a cultura feita na cidade e celebrar o estilo de vida do guaraense. Cada pra\u00e7a vai receber brinquedos infl\u00e1veis, brincadeiras, feira de artesanato, foodtrucks e, claro, os artistas selecionados. Cada uma das atra\u00e7\u00f5es receber\u00e1 o cach\u00ea de R$ 1.725,00.<\/p>\n\n\n\n<p>\u201cEstamos muito felizes e surpresos com o engajamento da comunidade cultural de nossa cidade. Agora temos a dif\u00edcil miss\u00e3o de selecionar 28 atra\u00e7\u00f5es para os encontros nas pra\u00e7as da cidade, a partir do dia 10 de fevereiro\u201d, conta o produtor do evento Luciano Monteiro.<\/p>\n\n\n\n<p>O resultado ser\u00e1 publicado no site do festival (www.doguara.com.br) no pr\u00f3ximo s\u00e1bado, dia 27 de janeiro. E a primeira pra\u00e7a a receber o evento \u00e9 a Pra\u00e7a das Artes, na QE 20, \u00e0s margens da avenida central do Guar\u00e1 I. O local j\u00e1 foi palco de importantes manifesta\u00e7\u00f5es culturais e encontros sociais da cidade, e ser\u00e1 revitalizada para o Festival do Guar\u00e1.<\/p>\n\n\n\n<p>Dayse Amarilio investe na cultura do Guar\u00e1 &#8211; O projeto \u00e9 uma parceria com a Secretaria de Turismo e Administra\u00e7\u00e3o Regional do Guar\u00e1, viabilizado com emenda parlamentar da deputada Dayse Amarilio (PSB). A iniciativa surgiu para valorizar a cultura local, gerar renda e oportunidades aos artistas da regi\u00e3o e agregar ainda mais \u00e0 comunidade.<\/p>\n\n\n\n<p>Vale destacar que Dayse imp\u00f4s algumas condicionantes para destina\u00e7\u00e3o do recurso para realiza\u00e7\u00e3o do Festival do Guar\u00e1, a deputada solicitou que 50% dos artistas selecionados pelo edital fossem do sexo feminino e que todas as quadras pelas quais passarem os eventos recebam benfeitorias.<\/p>\n\n\n\n<p>Para a distrital, \u201cinvestir na cultura da cidade \u00e9 uma oportunidade de mostrar ao mundo nossos artistas e a arte feita aqui\u201d. Em 2023 Dayse destinou R$ 1 milh\u00e3o para a cultura da cidade e a meta \u00e9 continuar investindo ao longo de seu mandato.<\/p>\n","protected":false},"excerpt":{"rendered":"<p>No pr\u00f3ximo s\u00e1bado (27), ser\u00e1 publicado no site oficial do festival (www.doguara.com.br) o resultado com as 28 atra\u00e7\u00f5es escolhidas para realizarem as apresenta\u00e7\u00f5es que acontecer\u00e3o nas pra\u00e7as do Guar\u00e1 a partir de 10 de fevereiro Mais de 270 artistas se inscreveram para participar da primeira edi\u00e7\u00e3o do Festival do Guar\u00e1. O projeto \u00e9 uma experi\u00eancia [&hellip;]<\/p>\n","protected":false},"author":1,"featured_media":2797,"comment_status":"closed","ping_status":"open","sticky":false,"template":"","format":"standard","meta":{"_monsterinsights_skip_tracking":false,"_monsterinsights_sitenote_active":false,"_monsterinsights_sitenote_note":"","_monsterinsights_sitenote_category":0,"footnotes":""},"categories":[1,6],"tags":[28,135,25],"class_list":["post-2796","post","type-post","status-publish","format-standard","has-post-thumbnail","hentry","category-blog","category-guara","tag-cultura","tag-festival-de-cultura-do-guara","tag-guara"],"acf":[],"_links":{"self":[{"href":"https:\/\/dayseamarilio.com.br\/index.php\/wp-json\/wp\/v2\/posts\/2796","targetHints":{"allow":["GET"]}}],"collection":[{"href":"https:\/\/dayseamarilio.com.br\/index.php\/wp-json\/wp\/v2\/posts"}],"about":[{"href":"https:\/\/dayseamarilio.com.br\/index.php\/wp-json\/wp\/v2\/types\/post"}],"author":[{"embeddable":true,"href":"https:\/\/dayseamarilio.com.br\/index.php\/wp-json\/wp\/v2\/users\/1"}],"replies":[{"embeddable":true,"href":"https:\/\/dayseamarilio.com.br\/index.php\/wp-json\/wp\/v2\/comments?post=2796"}],"version-history":[{"count":1,"href":"https:\/\/dayseamarilio.com.br\/index.php\/wp-json\/wp\/v2\/posts\/2796\/revisions"}],"predecessor-version":[{"id":2798,"href":"https:\/\/dayseamarilio.com.br\/index.php\/wp-json\/wp\/v2\/posts\/2796\/revisions\/2798"}],"wp:featuredmedia":[{"embeddable":true,"href":"https:\/\/dayseamarilio.com.br\/index.php\/wp-json\/wp\/v2\/media\/2797"}],"wp:attachment":[{"href":"https:\/\/dayseamarilio.com.br\/index.php\/wp-json\/wp\/v2\/media?parent=2796"}],"wp:term":[{"taxonomy":"category","embeddable":true,"href":"https:\/\/dayseamarilio.com.br\/index.php\/wp-json\/wp\/v2\/categories?post=2796"},{"taxonomy":"post_tag","embeddable":true,"href":"https:\/\/dayseamarilio.com.br\/index.php\/wp-json\/wp\/v2\/tags?post=2796"}],"curies":[{"name":"wp","href":"https:\/\/api.w.org\/{rel}","templated":true}]}}