{"id":2644,"date":"2023-10-31T10:42:10","date_gmt":"2023-10-31T13:42:10","guid":{"rendered":"https:\/\/dayseamarilio.com.br\/?p=2644"},"modified":"2023-11-01T10:50:53","modified_gmt":"2023-11-01T13:50:53","slug":"dayse-amarilio-se-junta-a-luta-dos-avas-e-acss","status":"publish","type":"post","link":"https:\/\/dayseamarilio.com.br\/index.php\/2023\/10\/31\/dayse-amarilio-se-junta-a-luta-dos-avas-e-acss\/","title":{"rendered":"Dayse Amarilio se junta a luta dos AVAS e ACSs"},"content":{"rendered":"\n<p>Antes da sess\u00e3o ordin\u00e1ria desta ter\u00e7a-feira (31) a deputada distrital Dayse Amarilio (PSB) participou da assembleia convocada pelo Sindicato dos Agentes de Vigil\u00e2ncia Ambiental e Agentes Comunit\u00e1rios de Sa\u00fade do Distrito Federal (SINDVASCS\/DF), que ocorreu em frente \u00e0 sede do Poder Legislativo.&nbsp;<\/p>\n\n\n<div class=\"wp-block-image\">\n<figure class=\"alignleft size-large is-resized\"><img loading=\"lazy\" decoding=\"async\" width=\"1024\" height=\"683\" src=\"https:\/\/dayseamarilio.com.br\/wp-content\/uploads\/2023\/11\/20231031145254_IMG_0528-1024x683.jpg\" alt=\"\" class=\"wp-image-2646\" style=\"aspect-ratio:1.5;width:534px;height:auto\" srcset=\"https:\/\/dayseamarilio.com.br\/wp-content\/uploads\/2023\/11\/20231031145254_IMG_0528-1024x683.jpg 1024w, https:\/\/dayseamarilio.com.br\/wp-content\/uploads\/2023\/11\/20231031145254_IMG_0528-300x200.jpg 300w, https:\/\/dayseamarilio.com.br\/wp-content\/uploads\/2023\/11\/20231031145254_IMG_0528-768x512.jpg 768w, https:\/\/dayseamarilio.com.br\/wp-content\/uploads\/2023\/11\/20231031145254_IMG_0528-1536x1024.jpg 1536w, https:\/\/dayseamarilio.com.br\/wp-content\/uploads\/2023\/11\/20231031145254_IMG_0528-2048x1365.jpg 2048w\" sizes=\"auto, (max-width: 1024px) 100vw, 1024px\" \/><\/figure>\n<\/div>\n\n\n<p>Na ocasi\u00e3o, a parlamentar se solidarizou com a luta dos profissionais, que segundo ela \u201cest\u00e3o reivindicando direitos, que j\u00e1 s\u00e3o Lei\u201d.&nbsp;<\/p>\n\n\n\n<p>&#8220;A quest\u00e3o do piso e da gratifica\u00e7\u00e3o, que precisam ser equiparadas, tem amparo legal. Por isso, eu protocolei no Tribunal de Contas do Distrito Federal (TCDF) uma representa\u00e7\u00e3o para que busquemos junto aos \u00f3rg\u00e3os de controle mais for\u00e7a para que essa legisla\u00e7\u00e3o seja cumprida\u201d, disse. \u201cAo longo da nossa luta, junto aos AVAS e ACSs, descobrimos que o valor destinado para o pagamento de voc\u00eas n\u00e3o est\u00e1 sendo usado para isso. Se pegarmos o vencimento de voc\u00eas das categorias est\u00e1 fora da Lei. O correto \u00e9 que esse valor seja de no m\u00ednimo dois sal\u00e1rios m\u00ednimos, o que hoje n\u00e3o \u00e9 realidade\u201d, lamentou Dayse Amarilio.&nbsp;<\/p>\n\n\n\n<p>A distrital informou aos presentes que seu mandato enviou uma indica\u00e7\u00e3o ao Poder P\u00fablico solicitando que o Executivo enviei \u00e0 C\u00e2mara Legislativa do Distrito Federal (CLDF) um projeto para resolver a quest\u00e3o dostrabalhadores. &nbsp;<\/p>\n\n\n\n<p>\u201cH\u00e1 uma promessa de que o governo enviar\u00e1 e promessa \u00e9 d\u00edvida\u201d, destacou.&nbsp;<\/p>\n\n\n\n<p>\u00a0Al\u00e9m disso, a deputada disse que protocolou um requerimento solicitando a cria\u00e7\u00e3o de uma Frente Parlamentar para defender os direitos dos Agentes de Vigil\u00e2ncia Ambiental (AVAs) e dos Agentes Comunit\u00e1rios de Sa\u00fade (ACSs).\u00a0<\/p>\n\n\n\n<div data-wp-interactive=\"core\/file\" class=\"wp-block-file\"><object data-wp-bind--hidden=\"!state.hasPdfPreview\" hidden class=\"wp-block-file__embed\" data=\"https:\/\/dayseamarilio.com.br\/wp-content\/uploads\/2023\/11\/REQ-997_2023.pdf\" type=\"application\/pdf\" style=\"width:100%;height:600px\" aria-label=\"Incorporado de REQ-997_2023.\"><\/object><a id=\"wp-block-file--media-b9bfd555-8d0f-4db3-9252-a1235c649be8\" href=\"https:\/\/dayseamarilio.com.br\/wp-content\/uploads\/2023\/11\/REQ-997_2023.pdf\">REQ-997_2023<\/a><a href=\"https:\/\/dayseamarilio.com.br\/wp-content\/uploads\/2023\/11\/REQ-997_2023.pdf\" class=\"wp-block-file__button wp-element-button\" download aria-describedby=\"wp-block-file--media-b9bfd555-8d0f-4db3-9252-a1235c649be8\">Baixar<\/a><\/div>\n\n\n\n<p>Para Dayse, \u00e9 preciso sair do discurso e trabalhar de forma pr\u00e1tica para que a Sa\u00fade se torne prioridade.&nbsp;<\/p>\n\n\n\n<p>\u201cTemos um d\u00e9ficit de quase dois mil ACSs na rede p\u00fablica de sa\u00fade. N\u00e3o adianta falar que a Aten\u00e7\u00e3o Prim\u00e1ria \u00e9 prioridade se n\u00e3o valorizar os agentes comunit\u00e1rios, pois esses profissionais s\u00e3o a raiz da Aten\u00e7\u00e3o Prim\u00e1ria\u201d, concluiu.&nbsp;<\/p>\n\n\n\n<figure class=\"wp-block-image size-large\"><img loading=\"lazy\" decoding=\"async\" width=\"1024\" height=\"683\" src=\"https:\/\/dayseamarilio.com.br\/wp-content\/uploads\/2023\/11\/20231031145145_IMG_0514-1024x683.jpg\" alt=\"\" class=\"wp-image-2647\" srcset=\"https:\/\/dayseamarilio.com.br\/wp-content\/uploads\/2023\/11\/20231031145145_IMG_0514-1024x683.jpg 1024w, https:\/\/dayseamarilio.com.br\/wp-content\/uploads\/2023\/11\/20231031145145_IMG_0514-300x200.jpg 300w, https:\/\/dayseamarilio.com.br\/wp-content\/uploads\/2023\/11\/20231031145145_IMG_0514-768x512.jpg 768w, https:\/\/dayseamarilio.com.br\/wp-content\/uploads\/2023\/11\/20231031145145_IMG_0514-1536x1024.jpg 1536w, https:\/\/dayseamarilio.com.br\/wp-content\/uploads\/2023\/11\/20231031145145_IMG_0514-2048x1365.jpg 2048w\" sizes=\"auto, (max-width: 1024px) 100vw, 1024px\" \/><\/figure>\n\n\n\n<p><strong>&nbsp;Pautas da categoria- <\/strong>A categoria pede ao governo&nbsp;direitos que est\u00e3o garantidos e assegurados em Lei, al\u00e9m do cumprimento das promessas feitas na campanha eleitoral em 2022, aos agentes. Entre as pautas: insalubridade: E.C 120\/22; Lei Federal 11.350\/06 e LC 840\/11; gratifica\u00e7\u00e3o dos ACS: Art. 9-G, I, da Lei Federal 11.350\/06 e a Lei 7.098\/22; Piso Salarial Nacional da categoria: E.C 120\/22; paridade de vencimento entre ACS e AVAS: Art. 9-G, I, da Lei Federal 11.350\/06; nomea\u00e7\u00e3o dos aprovados no concurso para ACS e AVAS e paralisa\u00e7\u00e3o Geral da categoria.&nbsp;<\/p>\n\n\n\n<figure class=\"wp-block-image size-large\"><img loading=\"lazy\" decoding=\"async\" width=\"1024\" height=\"683\" src=\"https:\/\/dayseamarilio.com.br\/wp-content\/uploads\/2023\/11\/20231031145044_IMG_0505-1024x683.jpg\" alt=\"\" class=\"wp-image-2648\" srcset=\"https:\/\/dayseamarilio.com.br\/wp-content\/uploads\/2023\/11\/20231031145044_IMG_0505-1024x683.jpg 1024w, https:\/\/dayseamarilio.com.br\/wp-content\/uploads\/2023\/11\/20231031145044_IMG_0505-300x200.jpg 300w, https:\/\/dayseamarilio.com.br\/wp-content\/uploads\/2023\/11\/20231031145044_IMG_0505-768x512.jpg 768w, https:\/\/dayseamarilio.com.br\/wp-content\/uploads\/2023\/11\/20231031145044_IMG_0505-1536x1024.jpg 1536w, https:\/\/dayseamarilio.com.br\/wp-content\/uploads\/2023\/11\/20231031145044_IMG_0505-2048x1365.jpg 2048w\" sizes=\"auto, (max-width: 1024px) 100vw, 1024px\" \/><\/figure>\n","protected":false},"excerpt":{"rendered":"<p>Antes da sess\u00e3o ordin\u00e1ria desta ter\u00e7a-feira (31) a deputada distrital Dayse Amarilio (PSB) participou da assembleia convocada pelo Sindicato dos Agentes de Vigil\u00e2ncia Ambiental e Agentes Comunit\u00e1rios de Sa\u00fade do Distrito Federal (SINDVASCS\/DF), que ocorreu em frente \u00e0 sede do Poder Legislativo.&nbsp; Na ocasi\u00e3o, a parlamentar se solidarizou com a luta dos profissionais, que segundo [&hellip;]<\/p>\n","protected":false},"author":2,"featured_media":2645,"comment_status":"closed","ping_status":"open","sticky":false,"template":"","format":"standard","meta":{"_monsterinsights_skip_tracking":false,"_monsterinsights_sitenote_active":false,"_monsterinsights_sitenote_note":"","_monsterinsights_sitenote_category":0,"footnotes":""},"categories":[42],"tags":[122,123,121,110,29],"class_list":["post-2644","post","type-post","status-publish","format-standard","has-post-thumbnail","hentry","category-saude","tag-acs","tag-assembleia","tag-avas","tag-frente-parlamentar","tag-tcdf"],"acf":[],"_links":{"self":[{"href":"https:\/\/dayseamarilio.com.br\/index.php\/wp-json\/wp\/v2\/posts\/2644","targetHints":{"allow":["GET"]}}],"collection":[{"href":"https:\/\/dayseamarilio.com.br\/index.php\/wp-json\/wp\/v2\/posts"}],"about":[{"href":"https:\/\/dayseamarilio.com.br\/index.php\/wp-json\/wp\/v2\/types\/post"}],"author":[{"embeddable":true,"href":"https:\/\/dayseamarilio.com.br\/index.php\/wp-json\/wp\/v2\/users\/2"}],"replies":[{"embeddable":true,"href":"https:\/\/dayseamarilio.com.br\/index.php\/wp-json\/wp\/v2\/comments?post=2644"}],"version-history":[{"count":3,"href":"https:\/\/dayseamarilio.com.br\/index.php\/wp-json\/wp\/v2\/posts\/2644\/revisions"}],"predecessor-version":[{"id":2652,"href":"https:\/\/dayseamarilio.com.br\/index.php\/wp-json\/wp\/v2\/posts\/2644\/revisions\/2652"}],"wp:featuredmedia":[{"embeddable":true,"href":"https:\/\/dayseamarilio.com.br\/index.php\/wp-json\/wp\/v2\/media\/2645"}],"wp:attachment":[{"href":"https:\/\/dayseamarilio.com.br\/index.php\/wp-json\/wp\/v2\/media?parent=2644"}],"wp:term":[{"taxonomy":"category","embeddable":true,"href":"https:\/\/dayseamarilio.com.br\/index.php\/wp-json\/wp\/v2\/categories?post=2644"},{"taxonomy":"post_tag","embeddable":true,"href":"https:\/\/dayseamarilio.com.br\/index.php\/wp-json\/wp\/v2\/tags?post=2644"}],"curies":[{"name":"wp","href":"https:\/\/api.w.org\/{rel}","templated":true}]}}