{"id":2097,"date":"2023-09-27T00:30:00","date_gmt":"2023-09-27T03:30:00","guid":{"rendered":"https:\/\/dayseamarilio.com.br\/?p=2097"},"modified":"2023-10-23T00:36:03","modified_gmt":"2023-10-23T03:36:03","slug":"setembro-amarelo-e-urgente-olharmos-para-saude-mental-dos-individuos-de-forma-integral","status":"publish","type":"post","link":"https:\/\/dayseamarilio.com.br\/index.php\/2023\/09\/27\/setembro-amarelo-e-urgente-olharmos-para-saude-mental-dos-individuos-de-forma-integral\/","title":{"rendered":"Setembro Amarelo: \u00e9 urgente olharmos para sa\u00fade mental dos indiv\u00edduos de forma integral"},"content":{"rendered":"\n<p><em>*Dayse Amarilio<\/em><\/p>\n\n\n\n<p>Ap\u00f3s a pandemia do Covid-19, a necessidade de cuidarmos da sa\u00fade mental de forma integral ficou cada vez mais evidente. Hoje a pauta \u00e9 discutida em todo o mundo, o que torna cada vez mais compreens\u00edvel a necessidade de gestores p\u00fablicos e tomadores de decis\u00e3o refor\u00e7arem o compromisso para que uma verdadeira mudan\u00e7a de paradigma em rela\u00e7\u00e3o as tratativas sobre as quest\u00f5es pertinentes a sa\u00fade emocional da popula\u00e7\u00e3o mundial aconte\u00e7a.<\/p>\n\n\n\n<p>Trazendo a quest\u00e3o para nossa realidade, constatamos que \u00e9 preciso uma a\u00e7\u00e3o efetiva, continuada e que priorize a tem\u00e1tica, visto que os n\u00fameros relacionados \u00e0 sa\u00fade mental de nossa popula\u00e7\u00e3o s\u00e3o alarmantes.<\/p>\n\n\n\n<p>O Brasil est\u00e1 no topo do ranking quando o assunto \u00e9 adoecimento mental. O pa\u00eds \u00e9 o terceiro com maior preval\u00eancia de depress\u00e3o na Am\u00e9rica Latina e tamb\u00e9m o mais ansioso do mundo, segundo a Organiza\u00e7\u00e3o Mundial da Sa\u00fade (OMS). E esse quadro se d\u00e1 em raz\u00e3o de diversos fatores, entre eles: a desigualdade de acesso aos servi\u00e7os b\u00e1sicos, ao luto recente em decorr\u00eancia da pandemia e a sequelas da chamada Covid-19 longa.<\/p>\n\n\n\n<p>Como profissional de sa\u00fade conhe\u00e7o essa realidade de perto e sei da necessidade urgente de gestores p\u00fablicos retomarem os princ\u00edpios da reforma psiqui\u00e1trica, Lei 10.216, e a valoriza\u00e7\u00e3o da l\u00f3gica da pol\u00edtica antimanicomial. Al\u00e9m disso, \u00e9 preciso investimento na Rede de Aten\u00e7\u00e3o Psicossocial (RAPS), abertura de mais unidades de Centros de Aten\u00e7\u00e3o Psicossocial (CAPs) e suas modalidades, a amplia\u00e7\u00e3o do n\u00famero de Servi\u00e7os Residenciais Terap\u00eauticos (SRTs) e o aumento do n\u00famero de leitos em hospitais para tratamento de crises agudas que necessitam de interna\u00e7\u00e3o por um per\u00edodo curto.<\/p>\n\n\n\n<p>O que me alegra, como cidad\u00e3 e como parlamentar, \u00e9 saber que o Minist\u00e9rio da Sa\u00fade acena para a aten\u00e7\u00e3o e o investimento nas quest\u00f5es relativas \u00e0 sa\u00fade mental. No in\u00edcio do \u00faltimo m\u00eas de julho, a ministra N\u00edsia Trindade assinou duas portarias. Os documentos institu\u00edram a recomposi\u00e7\u00e3o financeira para os SRTs e para os CAPs, totalizando mais de R$ 200 milh\u00f5es para o or\u00e7amento da RAPS no restante de 2023. Ao todo, o recurso destinado pela pasta aos estados ser\u00e1 de R$ 414 milh\u00f5es no per\u00edodo de um ano.<br>Sabemos que \u00e9 preciso investir e investir de forma continuada para mudar o cen\u00e1rio que enfrentamos hoje quando o assunto \u00e9 sa\u00fade mental. A car\u00eancia de recursos e a falta de prioridade em rela\u00e7\u00e3o a tem\u00e1tica acaba por aumentar o sofrimento de in\u00fameras pessoas que tanto precisam de atendimento terap\u00eautico, inclusive crian\u00e7as e adolescentes.<br>No Distrito Federal, por exemplo, falta uma rede de sa\u00fade mental estruturada, com acesso r\u00e1pido e transversalidade. Segundo dados da \u201cAn\u00e1lise de Implementa\u00e7\u00e3o dos CAPS no Distrito Federal\u201d, realizado pelo Minist\u00e9rio P\u00fablico do Distrito Federal e Territ\u00f3rios (MPDFT) em 2021, a maior parte dos centros de aten\u00e7\u00e3o psicossocial do DF est\u00e1 em estado prec\u00e1rio. Al\u00e9m disso, em todas as regi\u00f5es h\u00e1 graves problemas para acesso ao transporte coletivo para os usu\u00e1rios dos equipamentos p\u00fablicos e tamb\u00e9m de transporte interno, o que dificulta os servidores do CAPS de realizarem atividades centrais como as visitas domiciliares e o matriciamento.<\/p>\n\n\n\n<p>Mas n\u00e3o apenas isso. De acordo com o estudo, outro ponto que chama aten\u00e7\u00e3o s\u00e3o os servi\u00e7os para crian\u00e7as e adolescentes. Infelizmente, eles s\u00e3o falhos, mesmo com a alt\u00edssima demanda. H\u00e1 baixa cobertura do centro de aten\u00e7\u00e3o psicossocial infantil e o Centro de Orienta\u00e7\u00e3o M\u00e9dico-psicopedag\u00f3gica (COMPP) \u00e9 um dos poucos servi\u00e7os p\u00fablicos que realiza avalia\u00e7\u00f5es neuropsicol\u00f3gicas necess\u00e1rias para o diagn\u00f3stico e tratamento de dist\u00farbios de linguagem, transtorno do espectro autista e demais quest\u00f5es neurot\u00edpicas\/at\u00edpicas, junto aos Centros Especializados em Reabilita\u00e7\u00e3o.<\/p>\n\n\n\n<p>\u00c9 preciso um olhar atento e comprometido com a quest\u00e3o. Mas, para al\u00e9m da necessidade de investimentos, quando falamos sobre sa\u00fade mental, infelizmente o tema ainda \u00e9 tratado com muito preconceito e isso acaba por retardar muitos diagn\u00f3sticos e agravar casos de doen\u00e7as como depress\u00e3o, esgotamento, s\u00edndrome de Burnout, entre outras.<\/p>\n\n\n\n<p>Outro ponto que merece ser considerado \u00e9 o impacto que as quest\u00f5es relacionadas a sa\u00fade mental exerce na vida cotidiana das pessoas, das fam\u00edlias e das empresas. Muitas vezes, as pessoas acometidas por doen\u00e7as ligadas a sa\u00fade mental veem suas vidas serem reviradas pelo avesso. Seja socialmente, na fam\u00edlia, em rela\u00e7\u00e3o a produtividade, essas pessoas sofrem em muitos n\u00edveis e, por isso, cada vez mais \u00e9 preciso que olhemos para sa\u00fade mental dos indiv\u00edduos de forma integrada, tratando todas as nuances da quest\u00e3o, com terapias cada vez mais integrativas e que tenham um olhar de acolhimento e ressignifica\u00e7\u00e3o.<\/p>\n\n\n\n<p>Paralelo a isso, vale destacar que em raz\u00e3o de in\u00fameros fatores, cada vez mais temos visto as Classifica\u00e7\u00f5es Internacionais de Doen\u00e7as (CIDs) relacionadas aos transtornos mentais. Isso \u00e9 reflexo do estilo de vida que estamos levando, de uma sociedade que cobra perfei\u00e7\u00e3o, rapidez, jornadas de trabalho exaustivas e com pouqu\u00edssimas pausas, da falta de intelig\u00eancia emocional e da pr\u00f3pria conjuntura, especialmente em rela\u00e7\u00e3o a pandemia &#8211; uma pausa for\u00e7ada que impactou toda a humanidade e evidenciou a necessidade de encaramos as quest\u00f5es relativas \u00e0 sa\u00fade mental com muito cuidado e aten\u00e7\u00e3o.<\/p>\n\n\n\n<p>Nesse aspecto, como profissional de sa\u00fade, vi de perto o esfor\u00e7o sobre-humano que muitos colegas fizeram para salvar vidas durante a pandemia de Covid-19. Muitos precisaram se afastar dos familiares, se colocaram em risco para salvar o pr\u00f3ximo, assistiram a in\u00fameros \u00f3bitos e tudo isso levou ao agravamento da sa\u00fade mental dos profissionais de sa\u00fade no DF, no Brasil e em todo mundo. Aqui, em raz\u00e3o de quest\u00f5es de estrutura de hospitais, da falta de insumos, de log\u00edstica e pelo negacionismo que retardou a distribui\u00e7\u00e3o de vacinas, tivemos o maior n\u00famero de \u00f3bitos de profissionais da enfermagem do mundo. Isso trouxe in\u00fameras consequ\u00eancias, entre elas o adoecimento da categoria.<\/p>\n\n\n\n<p>Dito tudo isso, quero finalizar deixando uma reflex\u00e3o. \u00c9 preciso cuidar de quem cuida, \u00e9 preciso tratar as quest\u00f5es relativas \u00e0 sa\u00fade mental e evidenci\u00e1-las diariamente, n\u00e3o apenas em setembro, quando realizamos a campanha \u201cSetembro Amarelo\u201d. O esfor\u00e7o precisa ser conjunto. Poder P\u00fablico, Terceiro Setor, escolas, fam\u00edlias, enfim, toda a sociedade precisa dar as m\u00e3os e caminhar juntos para reverter essa situa\u00e7\u00e3o t\u00e3o desafiadora e que nos impele \u00e0 luta.<\/p>\n\n\n\n<p>*Dayse Amarilio, Enfermeira obstetra, professora e deputada distrital (PSB-DF)<\/p>\n\n\n\n<p><\/p>\n","protected":false},"excerpt":{"rendered":"<p>*Dayse Amarilio Ap\u00f3s a pandemia do Covid-19, a necessidade de cuidarmos da sa\u00fade mental de forma integral ficou cada vez mais evidente. Hoje a pauta \u00e9 discutida em todo o mundo, o que torna cada vez mais compreens\u00edvel a necessidade de gestores p\u00fablicos e tomadores de decis\u00e3o refor\u00e7arem o compromisso para que uma verdadeira mudan\u00e7a [&hellip;]<\/p>\n","protected":false},"author":2,"featured_media":2098,"comment_status":"closed","ping_status":"open","sticky":false,"template":"","format":"standard","meta":{"_monsterinsights_skip_tracking":false,"_monsterinsights_sitenote_active":false,"_monsterinsights_sitenote_note":"","_monsterinsights_sitenote_category":0,"footnotes":""},"categories":[1],"tags":[99,101,100],"class_list":["post-2097","post","type-post","status-publish","format-standard","has-post-thumbnail","hentry","category-blog","tag-artigo","tag-saude-mental-2","tag-setembro-amarelo"],"acf":[],"_links":{"self":[{"href":"https:\/\/dayseamarilio.com.br\/index.php\/wp-json\/wp\/v2\/posts\/2097","targetHints":{"allow":["GET"]}}],"collection":[{"href":"https:\/\/dayseamarilio.com.br\/index.php\/wp-json\/wp\/v2\/posts"}],"about":[{"href":"https:\/\/dayseamarilio.com.br\/index.php\/wp-json\/wp\/v2\/types\/post"}],"author":[{"embeddable":true,"href":"https:\/\/dayseamarilio.com.br\/index.php\/wp-json\/wp\/v2\/users\/2"}],"replies":[{"embeddable":true,"href":"https:\/\/dayseamarilio.com.br\/index.php\/wp-json\/wp\/v2\/comments?post=2097"}],"version-history":[{"count":1,"href":"https:\/\/dayseamarilio.com.br\/index.php\/wp-json\/wp\/v2\/posts\/2097\/revisions"}],"predecessor-version":[{"id":2099,"href":"https:\/\/dayseamarilio.com.br\/index.php\/wp-json\/wp\/v2\/posts\/2097\/revisions\/2099"}],"wp:featuredmedia":[{"embeddable":true,"href":"https:\/\/dayseamarilio.com.br\/index.php\/wp-json\/wp\/v2\/media\/2098"}],"wp:attachment":[{"href":"https:\/\/dayseamarilio.com.br\/index.php\/wp-json\/wp\/v2\/media?parent=2097"}],"wp:term":[{"taxonomy":"category","embeddable":true,"href":"https:\/\/dayseamarilio.com.br\/index.php\/wp-json\/wp\/v2\/categories?post=2097"},{"taxonomy":"post_tag","embeddable":true,"href":"https:\/\/dayseamarilio.com.br\/index.php\/wp-json\/wp\/v2\/tags?post=2097"}],"curies":[{"name":"wp","href":"https:\/\/api.w.org\/{rel}","templated":true}]}}