{"id":2045,"date":"2023-10-19T16:44:18","date_gmt":"2023-10-19T19:44:18","guid":{"rendered":"https:\/\/dayseamarilio.com.br\/?p=2045"},"modified":"2023-10-19T16:44:18","modified_gmt":"2023-10-19T19:44:18","slug":"dayse-amarilio-premia-projetos-de-boas-praticas-em-saude-mental-nas-escolas","status":"publish","type":"post","link":"https:\/\/dayseamarilio.com.br\/index.php\/2023\/10\/19\/dayse-amarilio-premia-projetos-de-boas-praticas-em-saude-mental-nas-escolas\/","title":{"rendered":"Dayse Amarilio premia projetos de boas pr\u00e1ticas em sa\u00fade mental nas escolas\u00a0"},"content":{"rendered":"\n<p>Na manh\u00e3 desta quinta-feira (19) o audit\u00f3rio da C\u00e2mara Legislativa do Distrito Federal foi palco da premia\u00e7\u00e3o de 19 projetos selecionados pelo edital \u201cBoas Pr\u00e1ticas na \u00e1rea de Sa\u00fade Mental nas Escolas. A solenidade, que reuniu cerca de 500 pessoas, entre professores, psic\u00f3logos, estudantes e gestores p\u00fablicos, foi proposta pela deputada Dayse Amarilio (PSB), que al\u00e9m de enfermeira tamb\u00e9m \u00e9 professora.\u00a0<\/p>\n\n\n<div class=\"wp-block-image\">\n<figure class=\"alignleft size-large is-resized\"><img loading=\"lazy\" decoding=\"async\" width=\"683\" height=\"1024\" src=\"https:\/\/dayseamarilio.com.br\/wp-content\/uploads\/2023\/10\/20231019121328_IMG_8526-683x1024.jpg\" alt=\"\" class=\"wp-image-2047\" style=\"aspect-ratio:0.6669921875;width:251px;height:auto\" srcset=\"https:\/\/dayseamarilio.com.br\/wp-content\/uploads\/2023\/10\/20231019121328_IMG_8526-683x1024.jpg 683w, https:\/\/dayseamarilio.com.br\/wp-content\/uploads\/2023\/10\/20231019121328_IMG_8526-200x300.jpg 200w, https:\/\/dayseamarilio.com.br\/wp-content\/uploads\/2023\/10\/20231019121328_IMG_8526-768x1152.jpg 768w, https:\/\/dayseamarilio.com.br\/wp-content\/uploads\/2023\/10\/20231019121328_IMG_8526-1024x1536.jpg 1024w, https:\/\/dayseamarilio.com.br\/wp-content\/uploads\/2023\/10\/20231019121328_IMG_8526-1365x2048.jpg 1365w, https:\/\/dayseamarilio.com.br\/wp-content\/uploads\/2023\/10\/20231019121328_IMG_8526-scaled.jpg 1707w\" sizes=\"auto, (max-width: 683px) 100vw, 683px\" \/><\/figure>\n<\/div>\n\n\n<p>Para a distrital, a ideia da premia\u00e7\u00e3o &#8211; que contemplar\u00e1 os projetos escolhidos com recursos de emendas parlamentares- \u00e9 apoiar e oportunizar as pr\u00e1ticas que incentivam as comunidades escolares que j\u00e1 trabalham quest\u00f5es relacionadas a sa\u00fade mental dos estudantes e, al\u00e9m disso, possibilitar que tais a\u00e7\u00f5es sejam ampliadas e acabem por incentivar outras unidades de ensino e institui\u00e7\u00f5es a buscarem implementar iniciativas com o mesmo intuito.&nbsp;<\/p>\n\n\n\n<p>\u201cS\u00f3 quem conviveu ou convive com algu\u00e9m que sofreu com problemas relacionados a sa\u00fade mental sabe como \u00e9 doloroso e muitas vezes complexa a resolu\u00e7\u00e3o da quest\u00e3o. Por isso, a\u00e7\u00f5es como os educadores das escolas p\u00fablicas do DF vem desenvolvendo com tanto empenho e dedica\u00e7\u00e3o s\u00e3o um alento e nos mostram que juntos, com carinho, empatia e disponibilidade para uma escuta atenta e afetuosa \u00e9 poss\u00edvel ajudar nossas crian\u00e7as e jovens a se sentirem pertencentes, amparados e aptos para lidar com tais desafios\u201d, disse a parlamentar. &nbsp;<\/p>\n\n\n\n<p>Dayse Amarilio fez men\u00e7\u00e3o ao aumento de transtornos mentais em nossa\u00a0sociedade, inclusive em crian\u00e7as e adolescentes. Segundo ela, n\u00f3s sofremos e nos vimos adoecidos, em algum n\u00edvel, em raz\u00e3o da pandemia da Covid-19. \u00a0<\/p>\n\n\n\n<p>\u201cAp\u00f3s a pandemia n\u00f3s nunca mais fomos os mesmos e precisamos encarar a necessidade de cuidado e aten\u00e7\u00e3o com a sa\u00fade mental, seja a nossa ou a dos nossos&#8221;, disse. \u201cPor isso, como profissional de sa\u00fade, m\u00e3e e professora, essa \u00e9 uma das tem\u00e1ticas que meu mandato trata com muita seriedade e comprometimento\u201d, completou a deputada.&nbsp;<\/p>\n\n\n\n<p>Em sua fala, Dayse citou pesquisa realizada pelo Datafolha, em 2022, quando foram entrevistados 1.308 respons\u00e1veis e 1.869 alunos de institui\u00e7\u00f5es p\u00fablicas brasileiras. &nbsp;<\/p>\n\n\n\n<p>\u201cEsse estudo aponta que, na vis\u00e3o dos pais, cerca de 34% dos estudantes estavam tendo dificuldades para controlar as suas emo\u00e7\u00f5es, 24% dos jovens se sentiam sobrecarregados e 18% estavam tristes ou deprimidos\u201d, informou. \u201cE foi diante desses n\u00fameros, e tamb\u00e9m de experi\u00eancias que vivi em fam\u00edlia, que&nbsp;surgiu a ideia de propor essa premia\u00e7\u00e3o. A nossa inten\u00e7\u00e3o \u00e9 que tenhamos mais editais e possamos ampliar a proposta futuramente para que o \u201cBoas Pr\u00e1ticas na \u00e1rea de Sa\u00fade Mental\u201d ganhe cada vez mais edi\u00e7\u00f5es e incremento.&nbsp;<\/p>\n\n\n<div class=\"wp-block-image\">\n<figure class=\"alignright size-large is-resized\"><img loading=\"lazy\" decoding=\"async\" width=\"683\" height=\"1024\" src=\"https:\/\/dayseamarilio.com.br\/wp-content\/uploads\/2023\/10\/20231019094518_IMG_7442-683x1024.jpg\" alt=\"\" class=\"wp-image-2048\" style=\"aspect-ratio:0.6666666666666666;width:367px;height:auto\" srcset=\"https:\/\/dayseamarilio.com.br\/wp-content\/uploads\/2023\/10\/20231019094518_IMG_7442-683x1024.jpg 683w, https:\/\/dayseamarilio.com.br\/wp-content\/uploads\/2023\/10\/20231019094518_IMG_7442-200x300.jpg 200w, https:\/\/dayseamarilio.com.br\/wp-content\/uploads\/2023\/10\/20231019094518_IMG_7442-768x1152.jpg 768w, https:\/\/dayseamarilio.com.br\/wp-content\/uploads\/2023\/10\/20231019094518_IMG_7442-1024x1536.jpg 1024w, https:\/\/dayseamarilio.com.br\/wp-content\/uploads\/2023\/10\/20231019094518_IMG_7442-1365x2048.jpg 1365w, https:\/\/dayseamarilio.com.br\/wp-content\/uploads\/2023\/10\/20231019094518_IMG_7442-scaled.jpg 1707w\" sizes=\"auto, (max-width: 683px) 100vw, 683px\" \/><\/figure>\n<\/div>\n\n\n<p>Na ocasi\u00e3o, a secret\u00e1ria de Educa\u00e7\u00e3o, H\u00e9lvia Paranagu\u00e1, parabenizou a iniciativa e destacou que a rede p\u00fablica de educa\u00e7\u00e3o do DF \u00e9 rica em produ\u00e7\u00e3o de projetos de excel\u00eancia gra\u00e7as aos seus valorosos profissionais.\u00a0<\/p>\n\n\n\n<p>\u201cN\u00e3o me espanta a qualidade dos projetos apresentados aqui hoje, visto que o Distrito Federal tem profissionais que figuram entre os melhores do Pa\u00eds. S\u00e3o educadores que criam, planejam e elaboram os pr\u00f3prios projetos pedag\u00f3gicos e fazem isso com muito amor, qualidade e dedica\u00e7\u00e3o\u201d, disse. \u201cAproveito a oportunidade para ressaltar a import\u00e2ncia de a\u00e7\u00f5es como essa, que incentivam nossa comunidade escolar a abordar o tema sa\u00fade mental em nossas unidades de ensino atrav\u00e9s dos projetos que desenvolvem. Por isso, quero aqui propor a elabora\u00e7\u00e3o de um manual com os projetos que foram premiados, pois assim poderemos multiplicar essas a\u00e7\u00f5es e ao inv\u00e9s de falamos sobre adoecimento comecemos a falar e propor a\u00e7\u00f5es de sa\u00fade\u201d, concluiu.&nbsp;<\/p>\n\n\n\n<p>A psic\u00f3loga Jaqueline Ferraz Costa, especialista em sa\u00fade mental, refor\u00e7ou a necessidade de n\u00e3o&nbsp;sentirmos vergonha de falar que estamos sofrendo, o que se d\u00e1 muitas vezes em raz\u00e3o do preconceito associado aos transtornos e doen\u00e7as mentais. \u201cA iniciativa de cada um dos projetos aqui premiados se relaciona com a&nbsp;prote\u00e7\u00e3o \u00e0 sa\u00fade mental das nossas crian\u00e7as e jovens., assim como a iniciativa do edital \u201cBoas Pr\u00e1ticas\u201d, que tem por ess\u00eancia ajudar a transformar a vida de in\u00fameros alunos e docentes\u201d, disse. &nbsp;<\/p>\n\n\n\n<p>J\u00e1 a professora Francisca Beleza, do Gama, enfatizou a import\u00e2ncia das pr\u00e1ticas integrativas de sa\u00fade para a comunidade escolar.&nbsp; Por fim, em nome dos estudantes, Samara Sanches, aluna do 3\u00b0 ano do Centro de Ensino M\u00e9dio da Escola Industrial de Taguatinga (CEMEIT), emocionou a todos os presentes quando falou sobre o Grupo de Enfretamento \u00e0 Depress\u00e3o e ao Suic\u00eddio (GEDS), que teve in\u00edcio em 2018, no CEMEIT, quando a comunidade escolar foi impactada com a not\u00edcia de que uma aluna havia cometido suic\u00eddio. \u201cCuidamos de vidas\u201d, afirmou, sobre o prop\u00f3sito e a\u00e7\u00f5es do grupo.&nbsp;&nbsp;<\/p>\n\n\n\n<p><strong>Projetos premiados &#8211; <\/strong>Durante o evento, que contou com apresenta\u00e7\u00e3o de professores da Escola de M\u00fasica de Bras\u00edlia, foram apresentados\u00a0<a rel=\"noreferrer noopener\" href=\"https:\/\/www.cl.df.gov.br\/-\/solenidade-vai-premiar-20-projetos-selecionados-pelo-edital-boas-praticas-na-area-de-saude-mental-das-escolas\" target=\"_blank\"><strong>v\u00eddeos<\/strong><\/a>\u00a0sobre os projetos premiados, cujos respons\u00e1veis receberam mo\u00e7\u00f5es de louvor. Ao final da sess\u00e3o solene, Dayse Amarilio pediu apoio ao projeto, de sua autoria, que institui diretrizes para implementa\u00e7\u00e3o da pol\u00edtica de sa\u00fade mental para estudantes e profissionais no DF.\u00a0\u00a0<\/p>\n\n\n\n<p>Veja o projeto na \u00edntegra <\/p>\n\n\n\n<div data-wp-interactive=\"core\/file\" class=\"wp-block-file\"><object data-wp-bind--hidden=\"!state.hasPdfPreview\" hidden class=\"wp-block-file__embed\" data=\"https:\/\/dayseamarilio.com.br\/wp-content\/uploads\/2023\/10\/dd1e8b7f-989c-43da-91e5-b4f614d4229a.pdf\" type=\"application\/pdf\" style=\"width:100%;height:600px\" aria-label=\"Incorporado de dd1e8b7f-989c-43da-91e5-b4f614d4229a.\"><\/object><a id=\"wp-block-file--media-298a86d6-203c-4abc-9fd4-916924e38765\" href=\"https:\/\/dayseamarilio.com.br\/wp-content\/uploads\/2023\/10\/dd1e8b7f-989c-43da-91e5-b4f614d4229a.pdf\">dd1e8b7f-989c-43da-91e5-b4f614d4229a<\/a><a href=\"https:\/\/dayseamarilio.com.br\/wp-content\/uploads\/2023\/10\/dd1e8b7f-989c-43da-91e5-b4f614d4229a.pdf\" class=\"wp-block-file__button wp-element-button\" download aria-describedby=\"wp-block-file--media-298a86d6-203c-4abc-9fd4-916924e38765\">Baixar<\/a><\/div>\n\n\n\n<p>\u201cForjando a tessitura de Haia\u201d, do Centro de Ensino M\u00e9dio (CED) 1 de Brazl\u00e2ndia; \u201cKeep Calm\u201d, do Centro de Ensino M\u00e9dio (CEM) 03 de Ceil\u00e2ndia; \u201cRodinha de escuta\u201d, do Jardim de Inf\u00e2ncia 3 do Gama; \u201cEntre Afetos\u201d, da Escola Classe Comunidade de Aprendizagem do Parano\u00e1; \u201cCora\u00e7\u00e3o que sente e chora\u201d, da EC 3 da Estrutural; \u201cSinto, logo me expresso\u201d, da Escola Classe (EC) 12 de Taguatinga e Terapia Comunit\u00e1ria Integrativa, da EC do Gama, est\u00e3o entre os dezenove premiados dos 48 projetos inscritos. Cada um dos projetos agraciados receber\u00e1 R$ 10 mil para apoiar e ampliar as iniciativas. Os recursos s\u00e3o provenientes de emendas parlamentares da deputada Dayse Amarilio.\u00a0<\/p>\n\n\n\n<p><strong>Assista na \u00edntegra<\/strong><\/p>\n\n\n\n<figure class=\"wp-block-embed is-type-video is-provider-youtube wp-block-embed-youtube wp-embed-aspect-4-3 wp-has-aspect-ratio\"><div class=\"wp-block-embed__wrapper\">\n<iframe loading=\"lazy\" title=\"Sess\u00e3o Solene 09H00 -  Pr\u00eamio &quot;Boas Pr\u00e1ticas na \u00e1rea de Sa\u00fade Mental nas Escolas&quot;- 19\/10\/2023\" width=\"800\" height=\"600\" src=\"https:\/\/www.youtube.com\/embed\/s01YoWph9Ao?feature=oembed\" frameborder=\"0\" allow=\"accelerometer; autoplay; clipboard-write; encrypted-media; gyroscope; picture-in-picture; web-share\" allowfullscreen><\/iframe>\n<\/div><\/figure>\n\n\n\n<figure class=\"wp-block-gallery has-nested-images columns-default is-cropped wp-block-gallery-1 is-layout-flex wp-block-gallery-is-layout-flex\">\n<figure class=\"wp-block-image size-large\"><img loading=\"lazy\" decoding=\"async\" width=\"1024\" height=\"683\" data-id=\"2050\" src=\"https:\/\/dayseamarilio.com.br\/wp-content\/uploads\/2023\/10\/20231019124003_IMG_8981-1024x683.jpg\" alt=\"\" class=\"wp-image-2050\" srcset=\"https:\/\/dayseamarilio.com.br\/wp-content\/uploads\/2023\/10\/20231019124003_IMG_8981-1024x683.jpg 1024w, https:\/\/dayseamarilio.com.br\/wp-content\/uploads\/2023\/10\/20231019124003_IMG_8981-300x200.jpg 300w, https:\/\/dayseamarilio.com.br\/wp-content\/uploads\/2023\/10\/20231019124003_IMG_8981-768x512.jpg 768w, https:\/\/dayseamarilio.com.br\/wp-content\/uploads\/2023\/10\/20231019124003_IMG_8981-1536x1024.jpg 1536w, https:\/\/dayseamarilio.com.br\/wp-content\/uploads\/2023\/10\/20231019124003_IMG_8981-2048x1365.jpg 2048w\" sizes=\"auto, (max-width: 1024px) 100vw, 1024px\" \/><\/figure>\n\n\n\n<figure class=\"wp-block-image size-large\"><img loading=\"lazy\" decoding=\"async\" width=\"1024\" height=\"683\" data-id=\"2051\" src=\"https:\/\/dayseamarilio.com.br\/wp-content\/uploads\/2023\/10\/20231019122359_IMG_8781-1024x683.jpg\" alt=\"\" class=\"wp-image-2051\" srcset=\"https:\/\/dayseamarilio.com.br\/wp-content\/uploads\/2023\/10\/20231019122359_IMG_8781-1024x683.jpg 1024w, https:\/\/dayseamarilio.com.br\/wp-content\/uploads\/2023\/10\/20231019122359_IMG_8781-300x200.jpg 300w, https:\/\/dayseamarilio.com.br\/wp-content\/uploads\/2023\/10\/20231019122359_IMG_8781-768x512.jpg 768w, https:\/\/dayseamarilio.com.br\/wp-content\/uploads\/2023\/10\/20231019122359_IMG_8781-1536x1024.jpg 1536w, https:\/\/dayseamarilio.com.br\/wp-content\/uploads\/2023\/10\/20231019122359_IMG_8781-2048x1365.jpg 2048w\" sizes=\"auto, (max-width: 1024px) 100vw, 1024px\" \/><\/figure>\n\n\n\n<figure class=\"wp-block-image size-large\"><img loading=\"lazy\" decoding=\"async\" width=\"1024\" height=\"801\" data-id=\"2049\" src=\"https:\/\/dayseamarilio.com.br\/wp-content\/uploads\/2023\/10\/20231019122214_IMG_8708-1024x801.jpg\" alt=\"\" class=\"wp-image-2049\" srcset=\"https:\/\/dayseamarilio.com.br\/wp-content\/uploads\/2023\/10\/20231019122214_IMG_8708-1024x801.jpg 1024w, https:\/\/dayseamarilio.com.br\/wp-content\/uploads\/2023\/10\/20231019122214_IMG_8708-300x235.jpg 300w, https:\/\/dayseamarilio.com.br\/wp-content\/uploads\/2023\/10\/20231019122214_IMG_8708-768x601.jpg 768w, https:\/\/dayseamarilio.com.br\/wp-content\/uploads\/2023\/10\/20231019122214_IMG_8708-1536x1202.jpg 1536w, https:\/\/dayseamarilio.com.br\/wp-content\/uploads\/2023\/10\/20231019122214_IMG_8708-2048x1602.jpg 2048w\" sizes=\"auto, (max-width: 1024px) 100vw, 1024px\" \/><\/figure>\n<\/figure>\n\n\n\n<figure class=\"wp-block-gallery has-nested-images columns-default is-cropped wp-block-gallery-2 is-layout-flex wp-block-gallery-is-layout-flex\">\n<figure class=\"wp-block-image size-large\"><img loading=\"lazy\" decoding=\"async\" width=\"683\" height=\"1024\" data-id=\"2053\" src=\"https:\/\/dayseamarilio.com.br\/wp-content\/uploads\/2023\/10\/20231019094518_IMG_7442-1-683x1024.jpg\" alt=\"\" class=\"wp-image-2053\" srcset=\"https:\/\/dayseamarilio.com.br\/wp-content\/uploads\/2023\/10\/20231019094518_IMG_7442-1-683x1024.jpg 683w, https:\/\/dayseamarilio.com.br\/wp-content\/uploads\/2023\/10\/20231019094518_IMG_7442-1-200x300.jpg 200w, https:\/\/dayseamarilio.com.br\/wp-content\/uploads\/2023\/10\/20231019094518_IMG_7442-1-768x1152.jpg 768w, https:\/\/dayseamarilio.com.br\/wp-content\/uploads\/2023\/10\/20231019094518_IMG_7442-1-1024x1536.jpg 1024w, https:\/\/dayseamarilio.com.br\/wp-content\/uploads\/2023\/10\/20231019094518_IMG_7442-1-1365x2048.jpg 1365w, https:\/\/dayseamarilio.com.br\/wp-content\/uploads\/2023\/10\/20231019094518_IMG_7442-1-scaled.jpg 1707w\" sizes=\"auto, (max-width: 683px) 100vw, 683px\" \/><\/figure>\n\n\n\n<figure class=\"wp-block-image size-large\"><img loading=\"lazy\" decoding=\"async\" width=\"1024\" height=\"683\" data-id=\"2052\" src=\"https:\/\/dayseamarilio.com.br\/wp-content\/uploads\/2023\/10\/20231019102948_IMG_7791-1024x683.jpg\" alt=\"\" class=\"wp-image-2052\" srcset=\"https:\/\/dayseamarilio.com.br\/wp-content\/uploads\/2023\/10\/20231019102948_IMG_7791-1024x683.jpg 1024w, https:\/\/dayseamarilio.com.br\/wp-content\/uploads\/2023\/10\/20231019102948_IMG_7791-300x200.jpg 300w, https:\/\/dayseamarilio.com.br\/wp-content\/uploads\/2023\/10\/20231019102948_IMG_7791-768x512.jpg 768w, https:\/\/dayseamarilio.com.br\/wp-content\/uploads\/2023\/10\/20231019102948_IMG_7791-1536x1024.jpg 1536w, https:\/\/dayseamarilio.com.br\/wp-content\/uploads\/2023\/10\/20231019102948_IMG_7791-2048x1365.jpg 2048w\" sizes=\"auto, (max-width: 1024px) 100vw, 1024px\" \/><\/figure>\n<\/figure>\n","protected":false},"excerpt":{"rendered":"<p>Na manh\u00e3 desta quinta-feira (19) o audit\u00f3rio da C\u00e2mara Legislativa do Distrito Federal foi palco da premia\u00e7\u00e3o de 19 projetos selecionados pelo edital \u201cBoas Pr\u00e1ticas na \u00e1rea de Sa\u00fade Mental nas Escolas. A solenidade, que reuniu cerca de 500 pessoas, entre professores, psic\u00f3logos, estudantes e gestores p\u00fablicos, foi proposta pela deputada Dayse Amarilio (PSB), que [&hellip;]<\/p>\n","protected":false},"author":2,"featured_media":2054,"comment_status":"closed","ping_status":"open","sticky":false,"template":"","format":"standard","meta":{"_monsterinsights_skip_tracking":false,"_monsterinsights_sitenote_active":false,"_monsterinsights_sitenote_note":"","_monsterinsights_sitenote_category":0,"footnotes":""},"categories":[4],"tags":[89,22,20,90,91,23,88,24],"class_list":["post-2045","post","type-post","status-publish","format-standard","has-post-thumbnail","hentry","category-educacao","tag-boas-praticas","tag-edital","tag-educacao","tag-emenda","tag-escolas","tag-premiacao","tag-saude-mental","tag-seedf"],"acf":[],"_links":{"self":[{"href":"https:\/\/dayseamarilio.com.br\/index.php\/wp-json\/wp\/v2\/posts\/2045","targetHints":{"allow":["GET"]}}],"collection":[{"href":"https:\/\/dayseamarilio.com.br\/index.php\/wp-json\/wp\/v2\/posts"}],"about":[{"href":"https:\/\/dayseamarilio.com.br\/index.php\/wp-json\/wp\/v2\/types\/post"}],"author":[{"embeddable":true,"href":"https:\/\/dayseamarilio.com.br\/index.php\/wp-json\/wp\/v2\/users\/2"}],"replies":[{"embeddable":true,"href":"https:\/\/dayseamarilio.com.br\/index.php\/wp-json\/wp\/v2\/comments?post=2045"}],"version-history":[{"count":1,"href":"https:\/\/dayseamarilio.com.br\/index.php\/wp-json\/wp\/v2\/posts\/2045\/revisions"}],"predecessor-version":[{"id":2055,"href":"https:\/\/dayseamarilio.com.br\/index.php\/wp-json\/wp\/v2\/posts\/2045\/revisions\/2055"}],"wp:featuredmedia":[{"embeddable":true,"href":"https:\/\/dayseamarilio.com.br\/index.php\/wp-json\/wp\/v2\/media\/2054"}],"wp:attachment":[{"href":"https:\/\/dayseamarilio.com.br\/index.php\/wp-json\/wp\/v2\/media?parent=2045"}],"wp:term":[{"taxonomy":"category","embeddable":true,"href":"https:\/\/dayseamarilio.com.br\/index.php\/wp-json\/wp\/v2\/categories?post=2045"},{"taxonomy":"post_tag","embeddable":true,"href":"https:\/\/dayseamarilio.com.br\/index.php\/wp-json\/wp\/v2\/tags?post=2045"}],"curies":[{"name":"wp","href":"https:\/\/api.w.org\/{rel}","templated":true}]}}