{"id":2037,"date":"2023-10-17T20:13:00","date_gmt":"2023-10-17T23:13:00","guid":{"rendered":"https:\/\/dayseamarilio.com.br\/?p=2037"},"modified":"2023-10-18T09:24:18","modified_gmt":"2023-10-18T12:24:18","slug":"dayse-amarilio-defende-nomeacoes-de-aprovados-em-concursos-para-diversas-areas-do-governo-do-df","status":"publish","type":"post","link":"https:\/\/dayseamarilio.com.br\/index.php\/2023\/10\/17\/dayse-amarilio-defende-nomeacoes-de-aprovados-em-concursos-para-diversas-areas-do-governo-do-df\/","title":{"rendered":"Dayse Amarilio defende nomea\u00e7\u00f5es de aprovados em concursos para diversas \u00e1reas do governo do DF"},"content":{"rendered":"\n<p>Na tarde desta ter\u00e7a-feira (17), a presidente da Comiss\u00e3o de Assuntos Sociais (CAS), deputada Dayse Amarilio (PSB), aproveitou o comunicado de parlamentares para destacar a import\u00e2ncia e simbolismo da manifesta\u00e7\u00e3o que aconteceu hoje, em frente ao Pal\u00e1cio do Buriti em favor das nomea\u00e7\u00f5es de aprovados em certames para diversas pastas do governo do Distrito Federal.<\/p>\n\n\n\n<p>Na ocasi\u00e3o, a distrital lembrou que durante sess\u00e3o ordin\u00e1ria da \u00faltima semana ela j\u00e1 havia apontado alguns problemas, em especial na \u00e1rea da sa\u00fade. Entretanto, segundo ela, a situa\u00e7\u00e3o n\u00e3o se restringe apenas aquela pasta e sinaliza que a Casa precisa se preocupar com a quest\u00e3o.<\/p>\n\n\n<div class=\"wp-block-image\">\n<figure class=\"alignleft size-large is-resized\"><img loading=\"lazy\" decoding=\"async\" width=\"1024\" height=\"683\" src=\"https:\/\/dayseamarilio.com.br\/wp-content\/uploads\/2023\/10\/20231017184353_IMG_7274-1024x683.jpg\" alt=\"\" class=\"wp-image-2039\" style=\"aspect-ratio:1.5;width:474px;height:auto\" srcset=\"https:\/\/dayseamarilio.com.br\/wp-content\/uploads\/2023\/10\/20231017184353_IMG_7274-1024x683.jpg 1024w, https:\/\/dayseamarilio.com.br\/wp-content\/uploads\/2023\/10\/20231017184353_IMG_7274-300x200.jpg 300w, https:\/\/dayseamarilio.com.br\/wp-content\/uploads\/2023\/10\/20231017184353_IMG_7274-768x512.jpg 768w, https:\/\/dayseamarilio.com.br\/wp-content\/uploads\/2023\/10\/20231017184353_IMG_7274-1536x1024.jpg 1536w, https:\/\/dayseamarilio.com.br\/wp-content\/uploads\/2023\/10\/20231017184353_IMG_7274-2048x1365.jpg 2048w\" sizes=\"auto, (max-width: 1024px) 100vw, 1024px\" \/><\/figure>\n<\/div>\n\n\n<p>Dayse Amarilio aproveitou sua fala para informar que seu gabinete fez uma an\u00e1lise criteriosa do Projeto de Lei do Plano Plurianual (PLPPA) e do Projeto de Lei Or\u00e7ament\u00e1ria Anual (PLOA) e foi constatado que n\u00e3o h\u00e1 nenhuma destina\u00e7\u00e3o de recursos em 2024 para convoca\u00e7\u00e3o de nomeados em nenhuma \u00e1rea do governo.<\/p>\n\n\n\n<p>&#8221; A falta de previs\u00e3o or\u00e7ament\u00e1ria para as nomea\u00e7\u00f5es nos preocupa muito&#8221;, disse. &#8220;J\u00e1 destacamos o caos na sa\u00fade, j\u00e1 sinalizamos a grav\u00edssima e inaceit\u00e1vel situa\u00e7\u00e3o de servidores apanhando, literalmente, por falta de comunica\u00e7\u00e3o entre os servi\u00e7os, dificuldade de Recursos Humanos (RH), mas isso pode piorar&#8221; , alertou Dayse.<\/p>\n\n\n\n<p>A distrital lembrou que no pr\u00f3ximo dia 26 a Casa estar\u00e1 no Sol Nascente, com mais uma edi\u00e7\u00e3o do &#8221; C\u00e2mara nas Cidades&#8221;, e ressaltou que um dos maiores problemas na regi\u00e3o refere-se a assist\u00eancia social.<\/p>\n\n\n\n<p>&#8221; Os aprovados da carreira da Assist\u00eancia Social foi um dos grupos que esteve presente na mobiliza\u00e7\u00e3o, mas n\u00e3o s\u00f3 eles. Aprovados de diversas carreiras engrossaram o coro no ato que pedia as nomea\u00e7\u00f5es, a exemplo dos odont\u00f3logos, Detran, Agricultura, PPGG, Pol\u00edcia Penal, Procon, Sejus, al\u00e9m dos aprovados da pasta da Sa\u00fade&#8221;, informou. &#8221; Vale lembrar que um dos compromissos firmados para acabar com a greve dos professores foi de que haveria a nomea\u00e7\u00e3o destes profissionais. Lembrando que hoje mais de 14 mil professores da Secretaria de Educa\u00e7\u00e3o (SEEDF) s\u00e3o contratos tempor\u00e1rios&#8221;, acrescentou a deputada.<\/p>\n\n\n\n<p>Ao final de sua fala, Dayse Amarilio pediu aos seus pares que fizessem uma pactua\u00e7\u00e3o para que durante a pr\u00f3xima reuni\u00e3o do Col\u00e9gio de L\u00edderes os parlamentares analisem a possibilidade da derrubada dos vetos ao Anexo IV da LDO 2024 e alertou que caso isso n\u00e3o aconte\u00e7a, n\u00e3o ser\u00e1 poss\u00edvel proceder com nenhuma nomea\u00e7\u00e3o em 2024.<\/p>\n","protected":false},"excerpt":{"rendered":"<p>Na tarde desta ter\u00e7a-feira (17), a presidente da Comiss\u00e3o de Assuntos Sociais (CAS), deputada Dayse Amarilio (PSB), aproveitou o comunicado de parlamentares para destacar a import\u00e2ncia e simbolismo da manifesta\u00e7\u00e3o que aconteceu hoje, em frente ao Pal\u00e1cio do Buriti em favor das nomea\u00e7\u00f5es de aprovados em certames para diversas pastas do governo do Distrito Federal. [&hellip;]<\/p>\n","protected":false},"author":2,"featured_media":2038,"comment_status":"closed","ping_status":"open","sticky":false,"template":"","format":"standard","meta":{"_monsterinsights_skip_tracking":false,"_monsterinsights_sitenote_active":false,"_monsterinsights_sitenote_note":"","_monsterinsights_sitenote_category":0,"footnotes":""},"categories":[3],"tags":[80,81,83,85,82,84,77],"class_list":["post-2037","post","type-post","status-publish","format-standard","has-post-thumbnail","hentry","category-concurso","tag-aprovados","tag-concurso-publico","tag-ldo","tag-loa","tag-nomeacoes","tag-ppa","tag-saude"],"acf":[],"_links":{"self":[{"href":"https:\/\/dayseamarilio.com.br\/index.php\/wp-json\/wp\/v2\/posts\/2037","targetHints":{"allow":["GET"]}}],"collection":[{"href":"https:\/\/dayseamarilio.com.br\/index.php\/wp-json\/wp\/v2\/posts"}],"about":[{"href":"https:\/\/dayseamarilio.com.br\/index.php\/wp-json\/wp\/v2\/types\/post"}],"author":[{"embeddable":true,"href":"https:\/\/dayseamarilio.com.br\/index.php\/wp-json\/wp\/v2\/users\/2"}],"replies":[{"embeddable":true,"href":"https:\/\/dayseamarilio.com.br\/index.php\/wp-json\/wp\/v2\/comments?post=2037"}],"version-history":[{"count":1,"href":"https:\/\/dayseamarilio.com.br\/index.php\/wp-json\/wp\/v2\/posts\/2037\/revisions"}],"predecessor-version":[{"id":2040,"href":"https:\/\/dayseamarilio.com.br\/index.php\/wp-json\/wp\/v2\/posts\/2037\/revisions\/2040"}],"wp:featuredmedia":[{"embeddable":true,"href":"https:\/\/dayseamarilio.com.br\/index.php\/wp-json\/wp\/v2\/media\/2038"}],"wp:attachment":[{"href":"https:\/\/dayseamarilio.com.br\/index.php\/wp-json\/wp\/v2\/media?parent=2037"}],"wp:term":[{"taxonomy":"category","embeddable":true,"href":"https:\/\/dayseamarilio.com.br\/index.php\/wp-json\/wp\/v2\/categories?post=2037"},{"taxonomy":"post_tag","embeddable":true,"href":"https:\/\/dayseamarilio.com.br\/index.php\/wp-json\/wp\/v2\/tags?post=2037"}],"curies":[{"name":"wp","href":"https:\/\/api.w.org\/{rel}","templated":true}]}}