{"id":1999,"date":"2023-09-12T23:30:54","date_gmt":"2023-09-13T02:30:54","guid":{"rendered":"https:\/\/dayseamarilio.com.br\/?p=1999"},"modified":"2023-10-16T23:35:46","modified_gmt":"2023-10-17T02:35:46","slug":"dayse-amarilio-destina-r-15-milhoes-para-melhorias-em-unidades-dos-cras-do-df","status":"publish","type":"post","link":"https:\/\/dayseamarilio.com.br\/index.php\/2023\/09\/12\/dayse-amarilio-destina-r-15-milhoes-para-melhorias-em-unidades-dos-cras-do-df\/","title":{"rendered":"Dayse Amarilio destina R$ 1,5 milh\u00f5es para melhorias em unidades dos CRAS do DF"},"content":{"rendered":"\n<p>Ap\u00f3s visitar v\u00e1rias unidades dos Centros de Refer\u00eancia de Assist\u00eancia Social (CRAS) \u00e0 frente da Comiss\u00e3o de Assuntos Sociais (CAS) da C\u00e2mara Legislativa, a Deputada Dayse Amarilio (PSB), que preside a comiss\u00e3o, viu de perto a necessidade urgente de reforma em v\u00e1rios CRAS do Distrito Federal.<\/p>\n\n\n\n<p>Por isso, para atender as demandas dos assistidos e dos servidores, Dayse destinou R$ 1,5 milh\u00e3o, via emenda parlamentar, para que a Secretaria de Desenvolvimento Social (SEDES) proceda com a reforma de v\u00e1rios Centros de Refer\u00eancia da capital.<\/p>\n\n\n\n<p>\u2018Assumi um compromisso como presidente da CAS: atuar para que a popula\u00e7\u00e3o assistida e os trabalhadores da rede de assist\u00eancia social do DF tenham dignidade. E para isso \u00e9 necess\u00e1rio que essas pessoas tenham acesso a equipamentos p\u00fablicos com condi\u00e7\u00f5es de salubridade e conforto\u201d, diz Dayse Amarilio.<\/p>\n\n\n\n<p><strong>CRAS Parano\u00e1 &#8211;<\/strong> A primeira unidade beneficiada com o recurso foi o CRAS do Parano\u00e1. Em uma visita da CAS ao equipamento p\u00fablico, Dayse constatou a precariedade das instala\u00e7\u00f5es do CRAS Parano\u00e1 e logo em seguida solicitou \u00e0 SEDES que realizasse a manuten\u00e7\u00e3o. O que aconteceu!<\/p>\n\n\n\n<p><strong>CRAS Guar\u00e1- <\/strong>Agora, a prioridade da comiss\u00e3o \u00e9 a manuten\u00e7\u00e3o da unidade do CRAS Guar\u00e1. As obras j\u00e1 est\u00e3o a todo vapor. Logo, logo tanto usu\u00e1rios do equipamento p\u00fablico, como servidores do CRAS Guar\u00e1, ter\u00e3o uma unidade reformada com telhados, piso e fia\u00e7\u00e3o el\u00e9trica novinhos. Al\u00e9m de pintura nova tamb\u00e9m! \u00c9 dignidade para quem cuida e para quem precisa do servi\u00e7o!<\/p>\n\n\n\n<figure class=\"wp-block-image size-large\"><img loading=\"lazy\" decoding=\"async\" width=\"1024\" height=\"682\" src=\"https:\/\/dayseamarilio.com.br\/wp-content\/uploads\/2023\/10\/WhatsApp-Image-2023-09-12-at-15.37.04-1024x682.jpeg\" alt=\"\" class=\"wp-image-2001\" srcset=\"https:\/\/dayseamarilio.com.br\/wp-content\/uploads\/2023\/10\/WhatsApp-Image-2023-09-12-at-15.37.04-1024x682.jpeg 1024w, https:\/\/dayseamarilio.com.br\/wp-content\/uploads\/2023\/10\/WhatsApp-Image-2023-09-12-at-15.37.04-300x200.jpeg 300w, https:\/\/dayseamarilio.com.br\/wp-content\/uploads\/2023\/10\/WhatsApp-Image-2023-09-12-at-15.37.04-768x512.jpeg 768w, https:\/\/dayseamarilio.com.br\/wp-content\/uploads\/2023\/10\/WhatsApp-Image-2023-09-12-at-15.37.04.jpeg 1280w\" sizes=\"auto, (max-width: 1024px) 100vw, 1024px\" \/><\/figure>\n","protected":false},"excerpt":{"rendered":"<p>Ap\u00f3s visitar v\u00e1rias unidades dos Centros de Refer\u00eancia de Assist\u00eancia Social (CRAS) \u00e0 frente da Comiss\u00e3o de Assuntos Sociais (CAS) da C\u00e2mara Legislativa, a Deputada Dayse Amarilio (PSB), que preside a comiss\u00e3o, viu de perto a necessidade urgente de reforma em v\u00e1rios CRAS do Distrito Federal. Por isso, para atender as demandas dos assistidos e [&hellip;]<\/p>\n","protected":false},"author":2,"featured_media":2000,"comment_status":"closed","ping_status":"open","sticky":false,"template":"","format":"standard","meta":{"_monsterinsights_skip_tracking":false,"_monsterinsights_sitenote_active":false,"_monsterinsights_sitenote_note":"","_monsterinsights_sitenote_category":0,"footnotes":""},"categories":[60],"tags":[64,62,65,61,66],"class_list":["post-1999","post","type-post","status-publish","format-standard","has-post-thumbnail","hentry","category-assistencia-social","tag-assistencia-social","tag-cas","tag-centros-de-referencia","tag-cras","tag-sedes"],"acf":[],"_links":{"self":[{"href":"https:\/\/dayseamarilio.com.br\/index.php\/wp-json\/wp\/v2\/posts\/1999","targetHints":{"allow":["GET"]}}],"collection":[{"href":"https:\/\/dayseamarilio.com.br\/index.php\/wp-json\/wp\/v2\/posts"}],"about":[{"href":"https:\/\/dayseamarilio.com.br\/index.php\/wp-json\/wp\/v2\/types\/post"}],"author":[{"embeddable":true,"href":"https:\/\/dayseamarilio.com.br\/index.php\/wp-json\/wp\/v2\/users\/2"}],"replies":[{"embeddable":true,"href":"https:\/\/dayseamarilio.com.br\/index.php\/wp-json\/wp\/v2\/comments?post=1999"}],"version-history":[{"count":1,"href":"https:\/\/dayseamarilio.com.br\/index.php\/wp-json\/wp\/v2\/posts\/1999\/revisions"}],"predecessor-version":[{"id":2002,"href":"https:\/\/dayseamarilio.com.br\/index.php\/wp-json\/wp\/v2\/posts\/1999\/revisions\/2002"}],"wp:featuredmedia":[{"embeddable":true,"href":"https:\/\/dayseamarilio.com.br\/index.php\/wp-json\/wp\/v2\/media\/2000"}],"wp:attachment":[{"href":"https:\/\/dayseamarilio.com.br\/index.php\/wp-json\/wp\/v2\/media?parent=1999"}],"wp:term":[{"taxonomy":"category","embeddable":true,"href":"https:\/\/dayseamarilio.com.br\/index.php\/wp-json\/wp\/v2\/categories?post=1999"},{"taxonomy":"post_tag","embeddable":true,"href":"https:\/\/dayseamarilio.com.br\/index.php\/wp-json\/wp\/v2\/tags?post=1999"}],"curies":[{"name":"wp","href":"https:\/\/api.w.org\/{rel}","templated":true}]}}