{"id":1990,"date":"2023-09-13T23:17:56","date_gmt":"2023-09-14T02:17:56","guid":{"rendered":"https:\/\/dayseamarilio.com.br\/?p=1990"},"modified":"2023-10-16T23:21:04","modified_gmt":"2023-10-17T02:21:04","slug":"grupo-de-trabalho-da-mais-um-passo-para-colocar-em-pratica-politica-distrital-de-primeiro-emprego-para-profissionais-da-enfermagem","status":"publish","type":"post","link":"https:\/\/dayseamarilio.com.br\/index.php\/2023\/09\/13\/grupo-de-trabalho-da-mais-um-passo-para-colocar-em-pratica-politica-distrital-de-primeiro-emprego-para-profissionais-da-enfermagem\/","title":{"rendered":"Grupo de Trabalho d\u00e1 mais um passo para colocar em pr\u00e1tica Pol\u00edtica Distrital de Primeiro Emprego para profissionais da Enfermagem"},"content":{"rendered":"\n<figure class=\"wp-block-image size-large\"><img loading=\"lazy\" decoding=\"async\" width=\"1024\" height=\"683\" src=\"https:\/\/dayseamarilio.com.br\/wp-content\/uploads\/2023\/10\/WhatsApp-Image-2023-09-13-at-19.00.44-1-1024x683.jpeg\" alt=\"\" class=\"wp-image-1992\" srcset=\"https:\/\/dayseamarilio.com.br\/wp-content\/uploads\/2023\/10\/WhatsApp-Image-2023-09-13-at-19.00.44-1-1024x683.jpeg 1024w, https:\/\/dayseamarilio.com.br\/wp-content\/uploads\/2023\/10\/WhatsApp-Image-2023-09-13-at-19.00.44-1-300x200.jpeg 300w, https:\/\/dayseamarilio.com.br\/wp-content\/uploads\/2023\/10\/WhatsApp-Image-2023-09-13-at-19.00.44-1-768x512.jpeg 768w, https:\/\/dayseamarilio.com.br\/wp-content\/uploads\/2023\/10\/WhatsApp-Image-2023-09-13-at-19.00.44-1-1536x1024.jpeg 1536w, https:\/\/dayseamarilio.com.br\/wp-content\/uploads\/2023\/10\/WhatsApp-Image-2023-09-13-at-19.00.44-1-2048x1365.jpeg 2048w\" sizes=\"auto, (max-width: 1024px) 100vw, 1024px\" \/><\/figure>\n\n\n\n<p>Na tarde desta quarta-feira (13), a C\u00e2mara Legislativa do Distrito Federal, mais uma vez, abriu as portas para o Grupo de Trabalho (GT) formado por representantes de entidades patronais, do governo e sindicatos para debater a regulamenta\u00e7\u00e3o e implementa\u00e7\u00e3o da lei que institui Pol\u00edtica Distrital de Primeiro Emprego para Enfermeiros, Lei 7295\/2023, de autoria da deputada Dayse Amarilio (PSB), que foi sancionada no \u00faltimo m\u00eas de julho.<\/p>\n\n\n\n<p>O primeiro encontro do GT, que tem como desafio sugerir um modelo de regulamenta\u00e7\u00e3o da nova legisla\u00e7\u00e3o, aconteceu no \u00faltimo dia 23 de agosto. Na ocasi\u00e3o, teve in\u00edcio o di\u00e1logo e foram enumerados os desafios que os profissionais da enfermagem sem experi\u00eancia enfrentam para acessar o mercado de trabalho.<\/p>\n\n\n\n<p>J\u00e1 a reuni\u00e3o realizada hoje resultou numa s\u00e9rie de sugest\u00f5es para que a Pol\u00edtica de Primeiro Emprego para Profissionais da Enfermagem saia do papel e possa virar realidade. A ideia \u00e9 que essa pol\u00edtica seja efetivada atrav\u00e9s de parcerias entre os setores p\u00fablico e privado.<\/p>\n\n\n\n<p>Ao t\u00e9rmino do encontro ficou acertado que em 21 dias o GT voltar\u00e1 a se reunir e produzir\u00e1 uma minuta com uma sugest\u00e3o de regulamenta\u00e7\u00e3o da norma, que dever\u00e1 ser entregue ao Executivo.<\/p>\n\n\n\n<p>Para a distrital, a reuni\u00e3o foi muito produtiva e rica em troca de experi\u00eancias e informa\u00e7\u00f5es.<\/p>\n\n\n\n<p>\u201cHoje demos mais um passo rumo a implementa\u00e7\u00e3o da Pol\u00edtica Distrital do Primeiro Emprego para Profissionais do DF. Acertamos alguns pontos que far\u00e3o parte do documento que finalizaremos no pr\u00f3ximo encontro, entre eles: a realiza\u00e7\u00e3o de cursos de forma\u00e7\u00e3o continuada, com a elei\u00e7\u00e3o de crit\u00e9rios de inclus\u00e3o para que os interessados participem do curso, carga hor\u00e1ria m\u00ednima, teste de nivelamento dos participantes, necessidade de acompanhamento dos profissionais para fins de pesquisa e avalia\u00e7\u00e3o dos impactos da ado\u00e7\u00e3o da pol\u00edtica na assist\u00eancia\u201d, informa Dayse.<\/p>\n\n\n\n<p>Participaram do encontro representantes da Secretaria de Sa\u00fade (SES-DF), da Associa\u00e7\u00e3o Brasileira de Enfermagem &#8211; Se\u00e7\u00e3o Distrito Federal &#8211; ABEn-DF, do Servi\u00e7o Nacional de Aprendizagem Comercial do Distrito Federal (Senac \u2013 DF), do SindEnfermeiro DF, do Sindicato Brasiliense de Hospitais &#8211; Casas de Sa\u00fade e Cl\u00ednicas (SBH) e do Terceiro Setor.<\/p>\n\n\n\n<figure class=\"wp-block-image size-large\"><img loading=\"lazy\" decoding=\"async\" width=\"1024\" height=\"683\" src=\"https:\/\/dayseamarilio.com.br\/wp-content\/uploads\/2023\/10\/WhatsApp-Image-2023-09-13-at-19.00.45-1-1024x683.jpeg\" alt=\"\" class=\"wp-image-1993\" srcset=\"https:\/\/dayseamarilio.com.br\/wp-content\/uploads\/2023\/10\/WhatsApp-Image-2023-09-13-at-19.00.45-1-1024x683.jpeg 1024w, https:\/\/dayseamarilio.com.br\/wp-content\/uploads\/2023\/10\/WhatsApp-Image-2023-09-13-at-19.00.45-1-300x200.jpeg 300w, https:\/\/dayseamarilio.com.br\/wp-content\/uploads\/2023\/10\/WhatsApp-Image-2023-09-13-at-19.00.45-1-768x512.jpeg 768w, https:\/\/dayseamarilio.com.br\/wp-content\/uploads\/2023\/10\/WhatsApp-Image-2023-09-13-at-19.00.45-1-1536x1024.jpeg 1536w, https:\/\/dayseamarilio.com.br\/wp-content\/uploads\/2023\/10\/WhatsApp-Image-2023-09-13-at-19.00.45-1-2048x1365.jpeg 2048w\" sizes=\"auto, (max-width: 1024px) 100vw, 1024px\" \/><\/figure>\n","protected":false},"excerpt":{"rendered":"<p>Na tarde desta quarta-feira (13), a C\u00e2mara Legislativa do Distrito Federal, mais uma vez, abriu as portas para o Grupo de Trabalho (GT) formado por representantes de entidades patronais, do governo e sindicatos para debater a regulamenta\u00e7\u00e3o e implementa\u00e7\u00e3o da lei que institui Pol\u00edtica Distrital de Primeiro Emprego para Enfermeiros, Lei 7295\/2023, de autoria da [&hellip;]<\/p>\n","protected":false},"author":2,"featured_media":1994,"comment_status":"closed","ping_status":"open","sticky":false,"template":"","format":"standard","meta":{"_monsterinsights_skip_tracking":false,"_monsterinsights_sitenote_active":false,"_monsterinsights_sitenote_note":"","_monsterinsights_sitenote_category":0,"footnotes":""},"categories":[5],"tags":[41,52,51,53],"class_list":["post-1990","post","type-post","status-publish","format-standard","has-post-thumbnail","hentry","category-enfermagem","tag-enfermagem","tag-gt","tag-primeiro-emprego","tag-profissionais-da-enfermagem"],"acf":[],"_links":{"self":[{"href":"https:\/\/dayseamarilio.com.br\/index.php\/wp-json\/wp\/v2\/posts\/1990","targetHints":{"allow":["GET"]}}],"collection":[{"href":"https:\/\/dayseamarilio.com.br\/index.php\/wp-json\/wp\/v2\/posts"}],"about":[{"href":"https:\/\/dayseamarilio.com.br\/index.php\/wp-json\/wp\/v2\/types\/post"}],"author":[{"embeddable":true,"href":"https:\/\/dayseamarilio.com.br\/index.php\/wp-json\/wp\/v2\/users\/2"}],"replies":[{"embeddable":true,"href":"https:\/\/dayseamarilio.com.br\/index.php\/wp-json\/wp\/v2\/comments?post=1990"}],"version-history":[{"count":1,"href":"https:\/\/dayseamarilio.com.br\/index.php\/wp-json\/wp\/v2\/posts\/1990\/revisions"}],"predecessor-version":[{"id":1995,"href":"https:\/\/dayseamarilio.com.br\/index.php\/wp-json\/wp\/v2\/posts\/1990\/revisions\/1995"}],"wp:featuredmedia":[{"embeddable":true,"href":"https:\/\/dayseamarilio.com.br\/index.php\/wp-json\/wp\/v2\/media\/1994"}],"wp:attachment":[{"href":"https:\/\/dayseamarilio.com.br\/index.php\/wp-json\/wp\/v2\/media?parent=1990"}],"wp:term":[{"taxonomy":"category","embeddable":true,"href":"https:\/\/dayseamarilio.com.br\/index.php\/wp-json\/wp\/v2\/categories?post=1990"},{"taxonomy":"post_tag","embeddable":true,"href":"https:\/\/dayseamarilio.com.br\/index.php\/wp-json\/wp\/v2\/tags?post=1990"}],"curies":[{"name":"wp","href":"https:\/\/api.w.org\/{rel}","templated":true}]}}