{"id":1972,"date":"2023-10-06T18:27:38","date_gmt":"2023-10-06T21:27:38","guid":{"rendered":"https:\/\/dayseamarilio.com.br\/?p=1972"},"modified":"2023-10-16T18:30:00","modified_gmt":"2023-10-16T21:30:00","slug":"dayse-amarilio-tira-duvidas-sobre-o-piso-da-enfermagem-durante-lancamento-de-seu-podcast-fala-gabdayse","status":"publish","type":"post","link":"https:\/\/dayseamarilio.com.br\/index.php\/2023\/10\/06\/dayse-amarilio-tira-duvidas-sobre-o-piso-da-enfermagem-durante-lancamento-de-seu-podcast-fala-gabdayse\/","title":{"rendered":"Dayse Amarilio tira d\u00favidas sobre o \u201cPiso da Enfermagem\u201d durante lan\u00e7amento de seu podcast: Fala, GabDayse!"},"content":{"rendered":"\n<figure class=\"wp-block-image size-large\"><img loading=\"lazy\" decoding=\"async\" width=\"1024\" height=\"576\" src=\"https:\/\/dayseamarilio.com.br\/wp-content\/uploads\/2023\/10\/WhatsApp-Image-2023-10-05-at-16.19.04-1024x576.jpeg\" alt=\"\" class=\"wp-image-1973\" srcset=\"https:\/\/dayseamarilio.com.br\/wp-content\/uploads\/2023\/10\/WhatsApp-Image-2023-10-05-at-16.19.04-1024x576.jpeg 1024w, https:\/\/dayseamarilio.com.br\/wp-content\/uploads\/2023\/10\/WhatsApp-Image-2023-10-05-at-16.19.04-300x169.jpeg 300w, https:\/\/dayseamarilio.com.br\/wp-content\/uploads\/2023\/10\/WhatsApp-Image-2023-10-05-at-16.19.04-768x432.jpeg 768w, https:\/\/dayseamarilio.com.br\/wp-content\/uploads\/2023\/10\/WhatsApp-Image-2023-10-05-at-16.19.04-1536x864.jpeg 1536w, https:\/\/dayseamarilio.com.br\/wp-content\/uploads\/2023\/10\/WhatsApp-Image-2023-10-05-at-16.19.04.jpeg 1600w\" sizes=\"auto, (max-width: 1024px) 100vw, 1024px\" \/><\/figure>\n\n\n\n<p>A deputada Dayse Amar\u00edlio (PSB), que j\u00e1 \u00e9 muito atuante nas redes sociais, agora vai se aventurar no mundo dos podcasts. No pr\u00f3ximo s\u00e1bado (7) pela manh\u00e3, a parlamentar lan\u00e7ar\u00e1 o Fala, GabDayse!, em seu canal no YouTube (@dayseamariliooficial). Um podcast que se prop\u00f5e a ser mais do que apenas um espa\u00e7o de discuss\u00f5es. Segundo a distrital, ser\u00e1 um canal para compartilhar conhecimento, experi\u00eancias e, acima de tudo, para que ela e sua audi\u00eancia possam se conhecer melhor.<\/p>\n\n\n\n<p>No Fala, GabDayse! a parlamentar, que \u00e9 enfermeira obstetra por forma\u00e7\u00e3o, vai abordar quest\u00f5es de interesse da comunidade como: sa\u00fade, educa\u00e7\u00e3o, concursos p\u00fablicos, quest\u00f5es relacionadas as mulheres e muito mais.<\/p>\n\n\n\n<p>&#8220;Nosso podcast ser\u00e1 um espa\u00e7o para tirar suas d\u00favidas, bater papo com pessoas incr\u00edveis e, claro, trocar ideias valiosas. Em nosso primeiro epis\u00f3dio trataremos de um tema muito recorrente para os profissionais da enfermagem: o piso salarial da categoria! Ent\u00e3o j\u00e1 aproveitem para me seguir nas redes sociais, compartilhar com seus amigos e, claro, enviar suas perguntas e sugest\u00f5es para os pr\u00f3ximos temas que queiram ver por aqui.<\/p>\n","protected":false},"excerpt":{"rendered":"<p>A deputada Dayse Amar\u00edlio (PSB), que j\u00e1 \u00e9 muito atuante nas redes sociais, agora vai se aventurar no mundo dos podcasts. No pr\u00f3ximo s\u00e1bado (7) pela manh\u00e3, a parlamentar lan\u00e7ar\u00e1 o Fala, GabDayse!, em seu canal no YouTube (@dayseamariliooficial). Um podcast que se prop\u00f5e a ser mais do que apenas um espa\u00e7o de discuss\u00f5es. Segundo [&hellip;]<\/p>\n","protected":false},"author":2,"featured_media":1974,"comment_status":"closed","ping_status":"open","sticky":false,"template":"","format":"standard","meta":{"_monsterinsights_skip_tracking":false,"_monsterinsights_sitenote_active":false,"_monsterinsights_sitenote_note":"","_monsterinsights_sitenote_category":0,"footnotes":""},"categories":[5],"tags":[41,38,40,39],"class_list":["post-1972","post","type-post","status-publish","format-standard","has-post-thumbnail","hentry","category-enfermagem","tag-enfermagem","tag-falagabdayse","tag-piso","tag-piso-da-enfermagem"],"acf":[],"_links":{"self":[{"href":"https:\/\/dayseamarilio.com.br\/index.php\/wp-json\/wp\/v2\/posts\/1972","targetHints":{"allow":["GET"]}}],"collection":[{"href":"https:\/\/dayseamarilio.com.br\/index.php\/wp-json\/wp\/v2\/posts"}],"about":[{"href":"https:\/\/dayseamarilio.com.br\/index.php\/wp-json\/wp\/v2\/types\/post"}],"author":[{"embeddable":true,"href":"https:\/\/dayseamarilio.com.br\/index.php\/wp-json\/wp\/v2\/users\/2"}],"replies":[{"embeddable":true,"href":"https:\/\/dayseamarilio.com.br\/index.php\/wp-json\/wp\/v2\/comments?post=1972"}],"version-history":[{"count":1,"href":"https:\/\/dayseamarilio.com.br\/index.php\/wp-json\/wp\/v2\/posts\/1972\/revisions"}],"predecessor-version":[{"id":1975,"href":"https:\/\/dayseamarilio.com.br\/index.php\/wp-json\/wp\/v2\/posts\/1972\/revisions\/1975"}],"wp:featuredmedia":[{"embeddable":true,"href":"https:\/\/dayseamarilio.com.br\/index.php\/wp-json\/wp\/v2\/media\/1974"}],"wp:attachment":[{"href":"https:\/\/dayseamarilio.com.br\/index.php\/wp-json\/wp\/v2\/media?parent=1972"}],"wp:term":[{"taxonomy":"category","embeddable":true,"href":"https:\/\/dayseamarilio.com.br\/index.php\/wp-json\/wp\/v2\/categories?post=1972"},{"taxonomy":"post_tag","embeddable":true,"href":"https:\/\/dayseamarilio.com.br\/index.php\/wp-json\/wp\/v2\/tags?post=1972"}],"curies":[{"name":"wp","href":"https:\/\/api.w.org\/{rel}","templated":true}]}}