{"id":1968,"date":"2023-10-09T18:23:08","date_gmt":"2023-10-09T21:23:08","guid":{"rendered":"https:\/\/dayseamarilio.com.br\/?p=1968"},"modified":"2023-10-16T18:26:21","modified_gmt":"2023-10-16T21:26:21","slug":"dayse-realiza-entrega-de-oculos-para-comunidade-escolar-do-ifb-df","status":"publish","type":"post","link":"https:\/\/dayseamarilio.com.br\/index.php\/2023\/10\/09\/dayse-realiza-entrega-de-oculos-para-comunidade-escolar-do-ifb-df\/","title":{"rendered":"Dayse realiza entrega de \u00f3culos para comunidade escolar do IFB DF"},"content":{"rendered":"\n<p><\/p>\n\n\n\n<p>Dayse Amarlio n\u00e3o para! A distrital come\u00e7ou a semana no Instituto Federal de Bras\u00edlia (IFB), Campus Bras\u00edlia, para realizar aentrega dos \u00f3culos do projeto A\u00e7\u00e3o Sa\u00fade Visual, um projeto iniciado pelo Prof. Israel (PSB) em parceria com a ONG Renovatio e que a parlamentar pretende dar continuidade.<\/p>\n\n\n\n<p>Dos 710 alunos e comunidade do Instituto Federal de Educa\u00e7\u00e3o de Bras\u00edlia triados, 405 passaram por exames oftamol\u00f3gicos e 386 foram diagnosticados com necessidade do uso de \u00f3culos.<\/p>\n\n\n\n<p>O mais legal \u00e9 que, durante as consultas, cada aluno pode escolher as arma\u00e7\u00f5es que mais gostassem. Hoje(9), eles verificaram se estava tudo certo e finalmente receberam os novos \u00f3culos.<\/p>\n\n\n\n<figure class=\"wp-block-image size-large\"><img loading=\"lazy\" decoding=\"async\" width=\"1024\" height=\"682\" src=\"https:\/\/dayseamarilio.com.br\/wp-content\/uploads\/2023\/10\/WhatsApp-Image-2023-10-09-at-17.09.11-1024x682.jpeg\" alt=\"\" class=\"wp-image-1970\" srcset=\"https:\/\/dayseamarilio.com.br\/wp-content\/uploads\/2023\/10\/WhatsApp-Image-2023-10-09-at-17.09.11-1024x682.jpeg 1024w, https:\/\/dayseamarilio.com.br\/wp-content\/uploads\/2023\/10\/WhatsApp-Image-2023-10-09-at-17.09.11-300x200.jpeg 300w, https:\/\/dayseamarilio.com.br\/wp-content\/uploads\/2023\/10\/WhatsApp-Image-2023-10-09-at-17.09.11-768x512.jpeg 768w, https:\/\/dayseamarilio.com.br\/wp-content\/uploads\/2023\/10\/WhatsApp-Image-2023-10-09-at-17.09.11.jpeg 1280w\" sizes=\"auto, (max-width: 1024px) 100vw, 1024px\" \/><\/figure>\n","protected":false},"excerpt":{"rendered":"<p>Dayse Amarlio n\u00e3o para! A distrital come\u00e7ou a semana no Instituto Federal de Bras\u00edlia (IFB), Campus Bras\u00edlia, para realizar aentrega dos \u00f3culos do projeto A\u00e7\u00e3o Sa\u00fade Visual, um projeto iniciado pelo Prof. Israel (PSB) em parceria com a ONG Renovatio e que a parlamentar pretende dar continuidade. Dos 710 alunos e comunidade do Instituto Federal [&hellip;]<\/p>\n","protected":false},"author":2,"featured_media":1969,"comment_status":"closed","ping_status":"open","sticky":false,"template":"","format":"standard","meta":{"_monsterinsights_skip_tracking":false,"_monsterinsights_sitenote_active":false,"_monsterinsights_sitenote_note":"","_monsterinsights_sitenote_category":0,"footnotes":""},"categories":[4],"tags":[32,33,36,35,34],"class_list":["post-1968","post","type-post","status-publish","format-standard","has-post-thumbnail","hentry","category-educacao","tag-acao-saude-visual","tag-ifb","tag-prof-israel","tag-renovatio","tag-saude-visual"],"acf":[],"_links":{"self":[{"href":"https:\/\/dayseamarilio.com.br\/index.php\/wp-json\/wp\/v2\/posts\/1968","targetHints":{"allow":["GET"]}}],"collection":[{"href":"https:\/\/dayseamarilio.com.br\/index.php\/wp-json\/wp\/v2\/posts"}],"about":[{"href":"https:\/\/dayseamarilio.com.br\/index.php\/wp-json\/wp\/v2\/types\/post"}],"author":[{"embeddable":true,"href":"https:\/\/dayseamarilio.com.br\/index.php\/wp-json\/wp\/v2\/users\/2"}],"replies":[{"embeddable":true,"href":"https:\/\/dayseamarilio.com.br\/index.php\/wp-json\/wp\/v2\/comments?post=1968"}],"version-history":[{"count":1,"href":"https:\/\/dayseamarilio.com.br\/index.php\/wp-json\/wp\/v2\/posts\/1968\/revisions"}],"predecessor-version":[{"id":1971,"href":"https:\/\/dayseamarilio.com.br\/index.php\/wp-json\/wp\/v2\/posts\/1968\/revisions\/1971"}],"wp:featuredmedia":[{"embeddable":true,"href":"https:\/\/dayseamarilio.com.br\/index.php\/wp-json\/wp\/v2\/media\/1969"}],"wp:attachment":[{"href":"https:\/\/dayseamarilio.com.br\/index.php\/wp-json\/wp\/v2\/media?parent=1968"}],"wp:term":[{"taxonomy":"category","embeddable":true,"href":"https:\/\/dayseamarilio.com.br\/index.php\/wp-json\/wp\/v2\/categories?post=1968"},{"taxonomy":"post_tag","embeddable":true,"href":"https:\/\/dayseamarilio.com.br\/index.php\/wp-json\/wp\/v2\/tags?post=1968"}],"curies":[{"name":"wp","href":"https:\/\/api.w.org\/{rel}","templated":true}]}}