{"id":1963,"date":"2023-10-15T18:20:17","date_gmt":"2023-10-15T21:20:17","guid":{"rendered":"https:\/\/dayseamarilio.com.br\/?p=1963"},"modified":"2023-10-18T09:33:08","modified_gmt":"2023-10-18T12:33:08","slug":"dayse-amarilio-destina-r4-milhoes-para-educacao-no-guara","status":"publish","type":"post","link":"https:\/\/dayseamarilio.com.br\/index.php\/2023\/10\/15\/dayse-amarilio-destina-r4-milhoes-para-educacao-no-guara\/","title":{"rendered":"Dayse Amarilio destina R$4 milh\u00f5es para educa\u00e7\u00e3o no Guar\u00e1"},"content":{"rendered":"\n<p><\/p>\n\n\n\n<p>Em apenas 10 meses de mandato a deputada Dayse Amarilio (PSB) j\u00e1 mostrou que o Guar\u00e1 \u00e9 prioridade para seu mandato. Al\u00e9m de investir na sa\u00fade, na infraestrutura e na cultura da cidade, a distrital, que \u00e9 guaraense raiz, tamb\u00e9m destinou recursos para melhorar as escolas da regi\u00e3o.<\/p>\n\n\n\n<p>No \u00faltima semana, Dayse esteve reunida com o Administrador do Guar\u00e1, Arthur Nogueira, com a Coordenadora da Regional de Ensino da cidade, Fernanda Mateus e com diretores de algumas escolas da regi\u00e3o.<\/p>\n\n\n\n<p>A distrital, al\u00e9m de enfermeira e parlamentar, \u00e9 professora. Para ela, a educa\u00e7\u00e3o transforma vidas, por isso Dayse tem ouvido demandas antigas de gestores das escolas do Guar\u00e1.<\/p>\n\n\n\n<p>&#8220;\u00c9 assim, atrav\u00e9s da escuta ativa, que conseguiremos alocar recursos de acordo com as necessidades da comunidade escolar&#8221;, afirma. &#8220;Sempre fico muito feliz em conhecer pessoas t\u00e3o comprometidas com a comunidade, que se preocupam com a qualidade do ensino e tamb\u00e9m com a infraestrutura do ambiente escolar&#8221;, completa a distrital.<\/p>\n\n\n\n<figure class=\"wp-block-image size-large\"><img loading=\"lazy\" decoding=\"async\" width=\"1024\" height=\"682\" src=\"https:\/\/dayseamarilio.com.br\/wp-content\/uploads\/2023\/10\/WhatsApp-Image-2023-10-10-at-23.29.05-1-1024x682.jpeg\" alt=\"\" class=\"wp-image-1965\" srcset=\"https:\/\/dayseamarilio.com.br\/wp-content\/uploads\/2023\/10\/WhatsApp-Image-2023-10-10-at-23.29.05-1-1024x682.jpeg 1024w, https:\/\/dayseamarilio.com.br\/wp-content\/uploads\/2023\/10\/WhatsApp-Image-2023-10-10-at-23.29.05-1-300x200.jpeg 300w, https:\/\/dayseamarilio.com.br\/wp-content\/uploads\/2023\/10\/WhatsApp-Image-2023-10-10-at-23.29.05-1-768x512.jpeg 768w, https:\/\/dayseamarilio.com.br\/wp-content\/uploads\/2023\/10\/WhatsApp-Image-2023-10-10-at-23.29.05-1.jpeg 1280w\" sizes=\"auto, (max-width: 1024px) 100vw, 1024px\" \/><\/figure>\n\n\n\n<p><strong>Investimento maci\u00e7o &#8211; <\/strong>Somente este ano a distrital destinar\u00e1, via Programa de Descentraliza\u00e7\u00e3o Administrativa e Financeira (PDAF), mais de R$ 4 milh\u00f5es para cobertura das quadras de esportes, reforma de telhados, constru\u00e7\u00e3o de audit\u00f3rio no Centro Interescolar de L\u00ednguas (CILG), reforma de cantinas e dep\u00f3sitos de alimentos, e tamb\u00e9m para viabilizar projetos pedag\u00f3gicos.<\/p>\n\n\n\n<p>&#8220;At\u00e9 o final de 2023 atenderemos cerca de 15 escolas, o que ainda \u00e9 pouco, mas nossa meta \u00e9 ampliar substancialmente esse n\u00famero at\u00e9 o fim do mandato&#8221;, diz Dayse. &#8220;Sabemos que essas pequenas a\u00e7\u00f5es podem transformar a vida dos nossos estudantes do Guar\u00e1, L\u00facio Costa e Estrutural, por isso vamos trabalhar cada vez mais para que isso aconte\u00e7a&#8221;, conclui a deputada.<\/p>\n\n\n\n<figure class=\"wp-block-image size-large\"><img loading=\"lazy\" decoding=\"async\" width=\"1024\" height=\"682\" src=\"https:\/\/dayseamarilio.com.br\/wp-content\/uploads\/2023\/10\/WhatsApp-Image-2023-10-10-at-23.29.05-1024x682.jpeg\" alt=\"\" class=\"wp-image-1966\" srcset=\"https:\/\/dayseamarilio.com.br\/wp-content\/uploads\/2023\/10\/WhatsApp-Image-2023-10-10-at-23.29.05-1024x682.jpeg 1024w, https:\/\/dayseamarilio.com.br\/wp-content\/uploads\/2023\/10\/WhatsApp-Image-2023-10-10-at-23.29.05-300x200.jpeg 300w, https:\/\/dayseamarilio.com.br\/wp-content\/uploads\/2023\/10\/WhatsApp-Image-2023-10-10-at-23.29.05-768x512.jpeg 768w, https:\/\/dayseamarilio.com.br\/wp-content\/uploads\/2023\/10\/WhatsApp-Image-2023-10-10-at-23.29.05.jpeg 1280w\" sizes=\"auto, (max-width: 1024px) 100vw, 1024px\" \/><\/figure>\n","protected":false},"excerpt":{"rendered":"<p>Em apenas 10 meses de mandato a deputada Dayse Amarilio (PSB) j\u00e1 mostrou que o Guar\u00e1 \u00e9 prioridade para seu mandato. Al\u00e9m de investir na sa\u00fade, na infraestrutura e na cultura da cidade, a distrital, que \u00e9 guaraense raiz, tamb\u00e9m destinou recursos para melhorar as escolas da regi\u00e3o. No \u00faltima semana, Dayse esteve reunida com [&hellip;]<\/p>\n","protected":false},"author":2,"featured_media":1964,"comment_status":"closed","ping_status":"open","sticky":false,"template":"","format":"standard","meta":{"_monsterinsights_skip_tracking":false,"_monsterinsights_sitenote_active":false,"_monsterinsights_sitenote_note":"","_monsterinsights_sitenote_category":0,"footnotes":""},"categories":[6],"tags":[20,31,25,30],"class_list":["post-1963","post","type-post","status-publish","format-standard","has-post-thumbnail","hentry","category-guara","tag-educacao","tag-emendas-parlamentares","tag-guara","tag-pdaf"],"acf":[],"_links":{"self":[{"href":"https:\/\/dayseamarilio.com.br\/index.php\/wp-json\/wp\/v2\/posts\/1963","targetHints":{"allow":["GET"]}}],"collection":[{"href":"https:\/\/dayseamarilio.com.br\/index.php\/wp-json\/wp\/v2\/posts"}],"about":[{"href":"https:\/\/dayseamarilio.com.br\/index.php\/wp-json\/wp\/v2\/types\/post"}],"author":[{"embeddable":true,"href":"https:\/\/dayseamarilio.com.br\/index.php\/wp-json\/wp\/v2\/users\/2"}],"replies":[{"embeddable":true,"href":"https:\/\/dayseamarilio.com.br\/index.php\/wp-json\/wp\/v2\/comments?post=1963"}],"version-history":[{"count":2,"href":"https:\/\/dayseamarilio.com.br\/index.php\/wp-json\/wp\/v2\/posts\/1963\/revisions"}],"predecessor-version":[{"id":2100,"href":"https:\/\/dayseamarilio.com.br\/index.php\/wp-json\/wp\/v2\/posts\/1963\/revisions\/2100"}],"wp:featuredmedia":[{"embeddable":true,"href":"https:\/\/dayseamarilio.com.br\/index.php\/wp-json\/wp\/v2\/media\/1964"}],"wp:attachment":[{"href":"https:\/\/dayseamarilio.com.br\/index.php\/wp-json\/wp\/v2\/media?parent=1963"}],"wp:term":[{"taxonomy":"category","embeddable":true,"href":"https:\/\/dayseamarilio.com.br\/index.php\/wp-json\/wp\/v2\/categories?post=1963"},{"taxonomy":"post_tag","embeddable":true,"href":"https:\/\/dayseamarilio.com.br\/index.php\/wp-json\/wp\/v2\/tags?post=1963"}],"curies":[{"name":"wp","href":"https:\/\/api.w.org\/{rel}","templated":true}]}}