{"id":1942,"date":"2023-10-16T16:20:07","date_gmt":"2023-10-16T19:20:07","guid":{"rendered":"https:\/\/dayseamarilio.com.br\/?p=1942"},"modified":"2023-10-16T16:41:26","modified_gmt":"2023-10-16T19:41:26","slug":"camara-legislativa-realiza-solenidade-para-premiar-20-projetos-selecionados-pelo-edital-boas-praticas-na-area-de-saude-mental-das-escolas","status":"publish","type":"post","link":"https:\/\/dayseamarilio.com.br\/index.php\/2023\/10\/16\/camara-legislativa-realiza-solenidade-para-premiar-20-projetos-selecionados-pelo-edital-boas-praticas-na-area-de-saude-mental-das-escolas\/","title":{"rendered":"C\u00e2mara Legislativa realiza solenidade para premiar 20 projetos selecionados pelo edital \u201cBoas pr\u00e1ticas na \u00e1rea de Sa\u00fade Mental das Escolas\u201d"},"content":{"rendered":"\n<p>Na manh\u00e3 da pr\u00f3xima quinta-feira (19), o audit\u00f3rio da C\u00e2mara Legislativa do Distrito Federal (CLDF) ser\u00e1 palco da solenidade de premia\u00e7\u00e3o dos 20 projetos selecionados pelo edital \u201cBoas pr\u00e1ticas na \u00e1rea de Sa\u00fade Mental das Escolas\u201d.<\/p>\n\n\n\n<p>A a\u00e7\u00e3o \u00e9 iniciativa da presidente da Comiss\u00e3o de Assuntos Sociais (CAS) da Casa, deputada Dayse Amarilio (PSB), que busca contemplar escolas da rede p\u00fablica de ensino do Distrito Federal com recursos de emenda parlamentar para incentivar e apoiar projetos relacionados \u00e0 sa\u00fade mental que est\u00e3o sendo desenvolvidos nas unidades de ensino.<\/p>\n\n\n\n<p>Para a distrital, que \u00e9 profissional da sa\u00fade e est\u00e1 em seu primeiro mandato, \u201co evento ser\u00e1 uma oportunidade para que possamos discutir a tem\u00e1tica com a seriedade que ela merece, al\u00e9m de conhecermos pr\u00e1ticas existentes que poder\u00e3o servir de inspira\u00e7\u00e3o para outras unidades de ensino e at\u00e9 mesmo outras institui\u00e7\u00f5es\u201d.<\/p>\n\n\n\n<p>A sess\u00e3o solene, al\u00e9m dos representantes dos projetos, suas fam\u00edlias e alunos contar\u00e1 com a participa\u00e7\u00e3o da Secret\u00e1ria de Educa\u00e7\u00e3o do DF, a Sra. H\u00e9lvia Paranagu\u00e1, que na ocasi\u00e3o discorrer\u00e1 sobre a atua\u00e7\u00e3o da pasta em rela\u00e7\u00e3o a sa\u00fade mental nas escolas; da Psic\u00f3loga Jaqueline Ferraz, que abordar\u00e1 a import\u00e2ncia de falarmos sobre tudo que envolve a nossa sa\u00fade mental; do Professor Cleison Leite, que atua no Centro Educacional Gesner Teixeira, no Gama, e tratar\u00e1 sobre a pr\u00e1tica e atua\u00e7\u00e3o de projetos na \u00e1rea de sa\u00fade mental nas escolas e de Samara Rodrigues Soares Sanches, aluna do 3\u00b0 ano do Centro de Ensino M\u00e9dio Escola Industrial de Taguatinga (CEMEIT), que faz parte do GEDS &#8211; Grupo de Enfrentamento a Depress\u00e3o e ao Suic\u00eddio, que teve in\u00edcio em setembro de 2018, no CEMEIT, quando a comunidade escolar foi impactada com a not\u00edcia de que uma aluna havia cometido suic\u00eddio.<\/p>\n\n\n\n<p>Se voc\u00ea \u00e9 estudante, psic\u00f3logo profissional de educa\u00e7\u00e3o ou se interessa pelo tema  ser\u00e1 bem-vindo. Para participar do evento \u00e9 s\u00f3 fazer a inscri\u00e7\u00e3o<a href=\"https:\/\/www.sympla.com.br\/sessao-solene-projetos-selecionados-do-edital-boas-praticas-na-area-de-saude-mental-nas-escolas__2203800\" data-type=\"link\" data-id=\"https:\/\/www.sympla.com.br\/sessao-solene-projetos-selecionados-do-edital-boas-praticas-na-area-de-saude-mental-nas-escolas__2203800\"> AQUI<\/a> <\/p>\n\n\n\n<div data-wp-interactive=\"core\/file\" class=\"wp-block-file\"><object data-wp-bind--hidden=\"!state.hasPdfPreview\" hidden class=\"wp-block-file__embed\" data=\"https:\/\/dayseamarilio.com.br\/wp-content\/uploads\/2023\/10\/A5-LIVRETO-EDITAL-SAUDE-MENTAL.pdf\" type=\"application\/pdf\" style=\"width:100%;height:600px\" aria-label=\"Incorporado de 20 PROJETOS SELECIONADOS.\"><\/object><a id=\"wp-block-file--media-f9faf604-2edf-4a94-bb5a-b0c42e12f555\" href=\"https:\/\/dayseamarilio.com.br\/wp-content\/uploads\/2023\/10\/A5-LIVRETO-EDITAL-SAUDE-MENTAL.pdf\">20 PROJETOS SELECIONADOS<\/a><a href=\"https:\/\/dayseamarilio.com.br\/wp-content\/uploads\/2023\/10\/A5-LIVRETO-EDITAL-SAUDE-MENTAL.pdf\" class=\"wp-block-file__button wp-element-button\" download aria-describedby=\"wp-block-file--media-f9faf604-2edf-4a94-bb5a-b0c42e12f555\">Baixar<\/a><\/div>\n\n\n\n<p><strong>A premia\u00e7\u00e3o &#8211;<\/strong> O edital foi lan\u00e7ado no \u00faltimo dia 31 de agosto e as escolas e seus respectivos projetos puderam se inscrever entre os dias 1\u00b0 e 17de setembro.<\/p>\n\n\n\n<p>Vinte projetos foram selecionados por uma comiss\u00e3o julgadora e no dia 19 de outubro receber\u00e3o mo\u00e7\u00e3o de louvor; a indica\u00e7\u00e3o de emenda parlamentar; divulga\u00e7\u00e3o da pr\u00e1tica\/projeto em ambiente virtual; apresenta\u00e7\u00e3o do projeto na CLDF constando a descri\u00e7\u00e3o do projeto, os objetivos, a execu\u00e7\u00e3o, avalia\u00e7\u00e3o e fotos de sua realiza\u00e7\u00e3o.<\/p>\n\n\n\n<p>Para Dayse Amarilio, \u201ca pandemia provocou impactos profundos na aprendizagem e no aspecto socioemocional de crian\u00e7as e jovens que precisam ser encarados com aten\u00e7\u00e3o e cuidado\u201d.<br>\u201cCom essa a\u00e7\u00e3o queremos minimizar os fatores de risco para o adoecimento emocional e que promovam ativamente os fatores de prote\u00e7\u00e3o \u00e0 sa\u00fade ps\u00edquica, o que pode evitar tanto o surgimento quanto o agravamento de quadros de adoecimento mental no ambiente escolar da rede p\u00fablica de ensino do Distrito Federal\u201d, diz a deputada.<\/p>\n\n\n\n<p><strong>Sa\u00fade mental em n\u00fameros &#8211;<\/strong> Os dados s\u00e3o alarmantes e merecem cuidado e aten\u00e7\u00e3o de v\u00e1rios atores. Em 2022, uma pesquisa realizada pelo Datafolha, a pedido do Ita\u00fa Social, Funda\u00e7\u00e3o Lemann e BID (Banco Interamericano de Desenvolvimento), confirmou a percep\u00e7\u00e3o dos educadores. Foram entrevistados 1.308 respons\u00e1veis e 1.869 alunos de institui\u00e7\u00f5es p\u00fablicas de todo o Brasil. Segundo o estudo, na vis\u00e3o dos pais, cerca de 34% dos estudantes estavam tendo dificuldades para controlar as suas emo\u00e7\u00f5es, 24% dos jovens se sentiam sobrecarregados e 18% estavam tristes ou deprimidos.<\/p>\n\n\n\n<p>Para Dayse, \u201cprimeiro \u00e9 preciso ter o entendimento que preju\u00edzos na sa\u00fade mental em si, n\u00e3o tem uma causa \u00fanica \u2013 eles t\u00eam causa multifatorial e \u00e9 necess\u00e1rio avaliar aspectos individuais e contextuais \u2013 sociais e ambientais &#8211; para entend\u00ea-la\u201d.<\/p>\n\n\n\n<p>Precisamos levar em conta que os maiores n\u00edveis de sa\u00fade mental s\u00e3o encontrados naqueles com maior desenvolvimento de compet\u00eancias socioemocionais. Ent\u00e3o, o desenvolvimento socioemocional, em conjunto com a\u00e7\u00f5es da gest\u00e3o escolar, tem o poder de auxiliar estudantes que estejam se percebendo vulner\u00e1veis com rela\u00e7\u00e3o \u00e0 sua sa\u00fade mental, ou a prevenir futuros casos\u201d, destaca a parlamentar. \u201cAs a\u00e7\u00f5es preventivas que visem a sa\u00fade mental em idades escolares s\u00e3o importantes por seu poder protetivo, j\u00e1 que, por exemplo, as chances de recorrer em epis\u00f3dios depressivos s\u00e3o 50% maiores para quem j\u00e1 teve algum epis\u00f3dio depressivo no passado. Logo, prevenir significa tamb\u00e9m proteger ocorr\u00eancias futuras e a cronicidade de doen\u00e7as mentais. E \u00e9 nesse contexto que as boas pr\u00e1ticas de sa\u00fade mental nas escolas devem e podem ser estimuladas\u201d, defende Dayse Amarilio.<\/p>\n\n\n\n<p><strong>Sele\u00e7\u00e3o &#8211; <\/strong>A sele\u00e7\u00e3o dos projetos foi composta de tr\u00eas fases: a) envio do projeto por meio do e-mail dep.dayseamarilio@gmail.com; b) aprecia\u00e7\u00e3o dos projetos por meio da Coordena\u00e7\u00e3o de Educa\u00e7\u00e3o e a Coordena\u00e7\u00e3o de Sa\u00fade do gabinete da Deputada Dayse Amarilio, sob a supervis\u00e3o da mesma; c) apresenta\u00e7\u00e3o dos projetos selecionados na C\u00e2mara Legislativa do Distrito Federal, no dia 19 de outubro de 2023, no per\u00edodo matutino.<\/p>\n\n\n\n<p>O prazo de envio dos projetos foi de 1\u00ba de setembro a 17 de setembro de 2023.<br>A sele\u00e7\u00e3o dos projetos levou em considera\u00e7\u00e3o: a quantidade de projetos por modalidade; o n\u00famero de estudantes a serem beneficiados e o envolvimento interdisciplinar do projeto no \u00e2mbito da unidade escolar.<\/p>\n\n\n\n<p><strong>Requisitos &#8211;<\/strong> Para participar do edital o projeto deveria existir h\u00e1 pelo menos seis meses; projeto deve estar correlacionado com o Projeto Pol\u00edtico Pedag\u00f3gico da escola; o projeto deveria estar inserido entre os eixos tem\u00e1ticos propostos no edital; o projeto deveria ter como finalidade a promo\u00e7\u00e3o da sa\u00fade mental no ambiente escolar, com o objetivo de minimizar os fatores de risco para transtornos mentais e comportamentais, assim como, outros quadros de adoecimento de natureza som\u00e1tica influenciados por quest\u00f5es ps\u00edquicas.<\/p>\n\n\n\n<p>Os projetos enviados deveriam incluir, pelo menos, um dos seguintes eixos tem\u00e1ticos, em uma perspectiva de sa\u00fade integral: corpo (atividade f\u00edsica, alimenta\u00e7\u00e3o, sono, planejamento em sa\u00fade, entre outros); mente (aspectos relacionados ao desenvolvimento cognitivo, fun\u00e7\u00f5es mentais superiores, como aten\u00e7\u00e3o, mem\u00f3ria, capacidade de planejamento, criatividade e concentra\u00e7\u00e3o) numa perspectiva de cuidados com o c\u00e9rebro e rela\u00e7\u00f5es sociais (cria\u00e7\u00e3o e manuten\u00e7\u00e3o de redes sociais de apoio afetivo, instrumental e social &#8211; fam\u00edlia, escola, comunidade em geral, desenvolvimento de habilidades sociais, educa\u00e7\u00e3o emocional, media\u00e7\u00e3o de conflitos, preven\u00e7\u00e3o das viol\u00eancias e cultura da paz).<\/p>\n\n\n\n<p>No momento do envio, o projeto tamb\u00e9m deveria conter: a) rela\u00e7\u00e3o dos respons\u00e1veis pela execu\u00e7\u00e3o do projeto (nome, endere\u00e7o e telefone); b) v\u00eddeo de apresenta\u00e7\u00e3o do projeto &#8211; de at\u00e9 dois minutos; c) resumo do projeto ou relato de experi\u00eancia &#8211; contendo no m\u00e1ximo 500 palavras \u2013 no qual tenha a descri\u00e7\u00e3o do projeto apresentado, local de realiza\u00e7\u00e3o, n\u00famero de alunos beneficiados; d) documentos que comprovem o desenvolvimento do projeto em \u00e2mbito escolar (Ex. fotos, textos, livros publicados e demais registros pertinentes); e) proje\u00e7\u00e3o da utiliza\u00e7\u00e3o da emenda parlamentar no \u00e2mbito do projeto e seus benef\u00edcios. Vale ressaltar que a n\u00e3o apresenta\u00e7\u00e3o de quaisquer dos itens implicar\u00e1 na desclassifica\u00e7\u00e3o dos projetos.<\/p>\n\n\n\n<p><strong>Premia\u00e7\u00e3o \u2013<\/strong> Ser\u00e3o destinadas emendas parlamentares para as escolas sedes dos Projetos Selecionados, sendo: uma escola de Educa\u00e7\u00e3o Infantil (EI), valor R$ 10mil cada; cinco Escolas Classe (ECs), valor R$ 10 mil cada; cinco Centros de Ensino Fundamental (CEFs), R$10 mil cada; tr\u00eas Centros Educacionais (CEs), R$10mil cada; tr\u00eas Centros de Ensino M\u00e9dio (CEMs) R$ 10 mil cada; 03 umidades escolares a definir a exemplo: Centro de Educa\u00e7\u00e3o Profissional(CEP), Centro de Ensino Especial (CEE), Escola Parque (EP), Centro Interescolar de L\u00ednguas (CIL), Unidades de Interna\u00e7\u00e3o, EMMP, PROEM, CIEF, Escola da Natureza, R$ 10 mil cada . Totalizando 20 unidades de ensino e o valor de R$ 200 mil.<\/p>\n\n\n\n<figure class=\"wp-block-image size-large\"><img loading=\"lazy\" decoding=\"async\" width=\"1024\" height=\"1024\" src=\"https:\/\/dayseamarilio.com.br\/wp-content\/uploads\/2023\/10\/WhatsApp-Image-2023-10-16-at-15.59.54-1024x1024.jpeg\" alt=\"\" class=\"wp-image-1951\" srcset=\"https:\/\/dayseamarilio.com.br\/wp-content\/uploads\/2023\/10\/WhatsApp-Image-2023-10-16-at-15.59.54-1024x1024.jpeg 1024w, https:\/\/dayseamarilio.com.br\/wp-content\/uploads\/2023\/10\/WhatsApp-Image-2023-10-16-at-15.59.54-300x300.jpeg 300w, https:\/\/dayseamarilio.com.br\/wp-content\/uploads\/2023\/10\/WhatsApp-Image-2023-10-16-at-15.59.54-150x150.jpeg 150w, https:\/\/dayseamarilio.com.br\/wp-content\/uploads\/2023\/10\/WhatsApp-Image-2023-10-16-at-15.59.54-768x768.jpeg 768w, https:\/\/dayseamarilio.com.br\/wp-content\/uploads\/2023\/10\/WhatsApp-Image-2023-10-16-at-15.59.54.jpeg 1080w\" sizes=\"auto, (max-width: 1024px) 100vw, 1024px\" \/><\/figure>\n","protected":false},"excerpt":{"rendered":"<p>Na manh\u00e3 da pr\u00f3xima quinta-feira (19), o audit\u00f3rio da C\u00e2mara Legislativa do Distrito Federal (CLDF) ser\u00e1 palco da solenidade de premia\u00e7\u00e3o dos 20 projetos selecionados pelo edital \u201cBoas pr\u00e1ticas na \u00e1rea de Sa\u00fade Mental das Escolas\u201d. A a\u00e7\u00e3o \u00e9 iniciativa da presidente da Comiss\u00e3o de Assuntos Sociais (CAS) da Casa, deputada Dayse Amarilio (PSB), que [&hellip;]<\/p>\n","protected":false},"author":2,"featured_media":1949,"comment_status":"closed","ping_status":"open","sticky":false,"template":"","format":"standard","meta":{"_monsterinsights_skip_tracking":false,"_monsterinsights_sitenote_active":false,"_monsterinsights_sitenote_note":"","_monsterinsights_sitenote_category":0,"footnotes":""},"categories":[4],"tags":[22,20,23,21,24],"class_list":["post-1942","post","type-post","status-publish","format-standard","has-post-thumbnail","hentry","category-educacao","tag-edital","tag-educacao","tag-premiacao","tag-saude-mental-nas-escolas","tag-seedf"],"acf":[],"_links":{"self":[{"href":"https:\/\/dayseamarilio.com.br\/index.php\/wp-json\/wp\/v2\/posts\/1942","targetHints":{"allow":["GET"]}}],"collection":[{"href":"https:\/\/dayseamarilio.com.br\/index.php\/wp-json\/wp\/v2\/posts"}],"about":[{"href":"https:\/\/dayseamarilio.com.br\/index.php\/wp-json\/wp\/v2\/types\/post"}],"author":[{"embeddable":true,"href":"https:\/\/dayseamarilio.com.br\/index.php\/wp-json\/wp\/v2\/users\/2"}],"replies":[{"embeddable":true,"href":"https:\/\/dayseamarilio.com.br\/index.php\/wp-json\/wp\/v2\/comments?post=1942"}],"version-history":[{"count":3,"href":"https:\/\/dayseamarilio.com.br\/index.php\/wp-json\/wp\/v2\/posts\/1942\/revisions"}],"predecessor-version":[{"id":1956,"href":"https:\/\/dayseamarilio.com.br\/index.php\/wp-json\/wp\/v2\/posts\/1942\/revisions\/1956"}],"wp:featuredmedia":[{"embeddable":true,"href":"https:\/\/dayseamarilio.com.br\/index.php\/wp-json\/wp\/v2\/media\/1949"}],"wp:attachment":[{"href":"https:\/\/dayseamarilio.com.br\/index.php\/wp-json\/wp\/v2\/media?parent=1942"}],"wp:term":[{"taxonomy":"category","embeddable":true,"href":"https:\/\/dayseamarilio.com.br\/index.php\/wp-json\/wp\/v2\/categories?post=1942"},{"taxonomy":"post_tag","embeddable":true,"href":"https:\/\/dayseamarilio.com.br\/index.php\/wp-json\/wp\/v2\/tags?post=1942"}],"curies":[{"name":"wp","href":"https:\/\/api.w.org\/{rel}","templated":true}]}}